{"id":33186,"date":"2023-06-20T12:29:40","date_gmt":"2023-06-20T10:29:40","guid":{"rendered":"https:\/\/difue.de\/?post_type=nova_press_release&#038;p=33186"},"modified":"2024-04-09T11:22:24","modified_gmt":"2024-04-09T09:22:24","slug":"der-difue-in-den-buecherhallen-hamburg","status":"publish","type":"nova_press_release","link":"https:\/\/difue.de\/en\/pressemitteilung\/der-difue-in-den-buecherhallen-hamburg\/","title":{"rendered":"Der DiF\u00fc in den B\u00fccherhallen Hamburg\u00a0"},"content":{"rendered":" <div class=\"container  post_type__nova_press_release\"><div class=\"row mb-3\"><div class=\"col-12 col-lg-8 offset-lg-2\">\t\n<p>Als Lernwerkzeug f\u00fcr jede:n ist der DiF\u00fc auf die Nutzung an einer Vielzahl von Endger\u00e4ten wie Laptop, Tablet oder auch Smartphone ausgelegt. Wer sagt aber, dass man sich nur von zuhause aus auf die Lernreise begeben kann? Wer lieber in ruhiger und trotzdem geselliger Atmosph\u00e4re lernt, der kann seinen Fortschritt \u00fcberall hin mitnehmen \u2013 und welcher Ort w\u00e4re da besser geeignet als die Bibliothek?&nbsp;<\/p>\n<\/div><\/div><\/div>\n\n <div class=\"container  post_type__nova_press_release\"><div class=\"row mb-3\"><div class=\"col-12 col-lg-8 offset-lg-2\">\t\n<p>Zum bundesweiten Digitaltag 2023 am 16. Juni hat die B\u00fccherhalle Hamburg Bergedorf daher eine DiF\u00fc-Station eingerichtet, an dem die Besucher:innen ihre Lernreise beginnen, fortf\u00fchren oder ihr Zertifikat abschlie\u00dfen konnten. Der perfekte Ort, um sich noch tiefer in eine Thematik einzuarbeiten, wenn die Neugierde erst einmal eingesetzt hat. Zum Beispiel mit einer der <a href=\"https:\/\/www.cyberfibel.de\/\">DsiN-Cyberfibeln<\/a>, die dort seit kurzem das Angebot erg\u00e4nzen, sowie massenhaft weiterer Fachliteratur.&nbsp;&nbsp;<\/p>\n<\/div><\/div><\/div>\n\n <div class=\"container  post_type__nova_press_release\"><div class=\"row mb-3\"><div class=\"col-12 col-lg-8 offset-lg-2\">\t\n<p>Auch wenn die Bibliotheken den Charme des Analogen hoffentlich niemals verlieren werden, so ist die Wichtigkeit von Digitalkompetenz den Mitarbeiter:innen der B\u00fccherhallen Hamburg Bergedorf doch deutlich bewusst. Dort wird der DiF\u00fc bereits sowohl den Auszubildenden als auch den Mitarbeitenden empfohlen. Dar\u00fcber hinaus werden Infomaterialien zum Digitalf\u00fchrerschein ausgelegt.&nbsp;&nbsp;<\/p>\n<\/div><\/div><\/div>\n\n <div class=\"container  post_type__nova_press_release\"><div class=\"row mb-3\"><div class=\"col-12 col-lg-8 offset-lg-2\">\t\n<p>Claudia Barstorfer, Assistenz der Leitung der B\u00fccherhalle Bergedorf, wird zudem im Oktober am DiF\u00fc-Multiplikator:innen-Workshop teilnehmen, um in Zukunft noch weitere Anwendungsm\u00f6glichkeiten f\u00fcr den Standort zu finden.&nbsp;<\/p>\n<\/div><\/div><\/div>\n\n <div class=\"container  post_type__nova_press_release\"><div class=\"row mb-3\"><div class=\"col-12 col-lg-8 offset-lg-2\">\t\n<p><em>\u201eDer Digitalf\u00fchrerschein (DiF\u00fc) ist wie gemacht f\u00fcr Anwendungen in \u00f6ffentlichen Bibliotheken! Er erm\u00f6glicht allen Nutzer:innen digitale Kompetenzen zu erwerben und Kenntnisse zu vertiefen. Dadurch erweitert und erg\u00e4nzt er ideal unser Angebot der vorhandenen digitalen Ressourcen und unterst\u00fctzt die B\u00fccherhalle Bergedorf dabei, ihre Rolle als Informationszentrum in einer digitalen Gesellschaft zu st\u00e4rken.\u201c\u00a0<\/em> \u00a0<\/p>\n<\/div><\/div><\/div>\n\n <div class=\"container  post_type__nova_press_release\"><div class=\"row mb-3\"><div class=\"col-12 col-lg-8 offset-lg-2\">\t\n<p><a href=\"https:\/\/www.buecherhallen.de\/\">B\u00fccherhallen Hamburg<\/a><\/p>\n<\/div><\/div><\/div>","protected":false},"template":"","meta":{"_acf_changed":false,"inline_featured_image":false,"footnotes":""},"class_list":["post-33186","nova_press_release","type-nova_press_release","status-publish","hentry"],"acf":{"image":33370},"yoast_head":"<!-- This site is optimized with the Yoast SEO Premium plugin v22.4 (Yoast SEO v24.7) - https:\/\/yoast.com\/wordpress\/plugins\/seo\/ -->\n<title>Der DiF\u00fc in den B\u00fccherhallen Hamburg\u00a0 &#8226; Digitalf\u00fchrerschein (DiF\u00fc)<\/title>\n<meta name=\"robots\" content=\"index, follow, max-snippet:-1, max-image-preview:large, max-video-preview:-1\" \/>\n<link rel=\"canonical\" href=\"https:\/\/difue.de\/en\/pressemitteilung\/der-difue-in-den-buecherhallen-hamburg\/\" \/>\n<meta property=\"og:locale\" content=\"en_US\" \/>\n<meta property=\"og:type\" content=\"article\" \/>\n<meta property=\"og:title\" content=\"Der DiF\u00fc in den B\u00fccherhallen Hamburg\u00a0\" \/>\n<meta property=\"og:description\" content=\"Als Lernwerkzeug f\u00fcr jede:n ist der DiF\u00fc auf die Nutzung an einer Vielzahl von Endger\u00e4ten wie Laptop, Tablet oder auch [&hellip;]\" \/>\n<meta property=\"og:url\" content=\"https:\/\/difue.de\/en\/pressemitteilung\/der-difue-in-den-buecherhallen-hamburg\/\" \/>\n<meta property=\"og:site_name\" content=\"Digitalf\u00fchrerschein (DiF\u00fc)\" \/>\n<meta property=\"article:publisher\" content=\"https:\/\/www.facebook.com\/people\/DsiN-Digitalf%c3%bchrerschein-DiF%c3%bc\/100079074183260\/\" \/>\n<meta property=\"article:modified_time\" content=\"2024-04-09T09:22:24+00:00\" \/>\n<meta property=\"og:image\" content=\"https:\/\/difue.de\/app\/uploads\/2022\/02\/DiFue-Logo_Logozusatz-RGB-positiv.png\" \/>\n\t<meta property=\"og:image:width\" content=\"14657\" \/>\n\t<meta property=\"og:image:height\" content=\"10977\" \/>\n\t<meta property=\"og:image:type\" content=\"image\/png\" \/>\n<meta name=\"twitter:card\" content=\"summary_large_image\" \/>\n<meta name=\"twitter:label1\" content=\"Est. reading time\" \/>\n\t<meta name=\"twitter:data1\" content=\"2 minutes\" \/>\n<script type=\"application\/ld+json\" class=\"yoast-schema-graph\">{\"@context\":\"https:\/\/schema.org\",\"@graph\":[{\"@type\":\"WebPage\",\"@id\":\"https:\/\/difue.de\/en\/pressemitteilung\/der-difue-in-den-buecherhallen-hamburg\/\",\"url\":\"https:\/\/difue.de\/en\/pressemitteilung\/der-difue-in-den-buecherhallen-hamburg\/\",\"name\":\"Der DiF\u00fc in den B\u00fccherhallen Hamburg\u00a0 &#8226; Digitalf\u00fchrerschein (DiF\u00fc)\",\"isPartOf\":{\"@id\":\"https:\/\/difue.de\/en\/#website\"},\"datePublished\":\"2023-06-20T10:29:40+00:00\",\"dateModified\":\"2024-04-09T09:22:24+00:00\",\"breadcrumb\":{\"@id\":\"https:\/\/difue.de\/en\/pressemitteilung\/der-difue-in-den-buecherhallen-hamburg\/#breadcrumb\"},\"inLanguage\":\"en-US\",\"potentialAction\":[{\"@type\":\"ReadAction\",\"target\":[\"https:\/\/difue.de\/en\/pressemitteilung\/der-difue-in-den-buecherhallen-hamburg\/\"]}]},{\"@type\":\"BreadcrumbList\",\"@id\":\"https:\/\/difue.de\/en\/pressemitteilung\/der-difue-in-den-buecherhallen-hamburg\/#breadcrumb\",\"itemListElement\":[{\"@type\":\"ListItem\",\"position\":1,\"name\":\"Startseite\",\"item\":\"https:\/\/difue.de\/en\/startseite\/\"},{\"@type\":\"ListItem\",\"position\":2,\"name\":\"Der DiF\u00fc in den B\u00fccherhallen Hamburg\u00a0\"}]},{\"@type\":\"WebSite\",\"@id\":\"https:\/\/difue.de\/en\/#website\",\"url\":\"https:\/\/difue.de\/en\/\",\"name\":\"Digitalf\u00fchrerschein (DiF\u00fc)\",\"description\":\"\",\"publisher\":{\"@id\":\"https:\/\/difue.de\/en\/#organization\"},\"potentialAction\":[{\"@type\":\"SearchAction\",\"target\":{\"@type\":\"EntryPoint\",\"urlTemplate\":\"https:\/\/difue.de\/en\/?s={search_term_string}\"},\"query-input\":{\"@type\":\"PropertyValueSpecification\",\"valueRequired\":true,\"valueName\":\"search_term_string\"}}],\"inLanguage\":\"en-US\"},{\"@type\":\"Organization\",\"@id\":\"https:\/\/difue.de\/en\/#organization\",\"name\":\"Digitalf\u00fchrerschein (DiF\u00fc)\",\"url\":\"https:\/\/difue.de\/en\/\",\"logo\":{\"@type\":\"ImageObject\",\"inLanguage\":\"en-US\",\"@id\":\"https:\/\/difue.de\/en\/#\/schema\/logo\/image\/\",\"url\":\"https:\/\/difue.de\/app\/uploads\/2021\/09\/difue-logo.svg\",\"contentUrl\":\"https:\/\/difue.de\/app\/uploads\/2021\/09\/difue-logo.svg\",\"width\":200,\"height\":149,\"caption\":\"Digitalf\u00fchrerschein (DiF\u00fc)\"},\"image\":{\"@id\":\"https:\/\/difue.de\/en\/#\/schema\/logo\/image\/\"},\"sameAs\":[\"https:\/\/www.facebook.com\/people\/DsiN-Digitalf\u00fchrerschein-DiF\u00fc\/100079074183260\/\",\"https:\/\/www.instagram.com\/dsin_digitalfuehrerschein\/\"]}]}<\/script>\n<!-- \/ Yoast SEO Premium plugin. -->","yoast_head_json":{"title":"Der DiF\u00fc in den B\u00fccherhallen Hamburg\u00a0 &#8226; Digitalf\u00fchrerschein (DiF\u00fc)","robots":{"index":"index","follow":"follow","max-snippet":"max-snippet:-1","max-image-preview":"max-image-preview:large","max-video-preview":"max-video-preview:-1"},"canonical":"https:\/\/difue.de\/en\/pressemitteilung\/der-difue-in-den-buecherhallen-hamburg\/","og_locale":"en_US","og_type":"article","og_title":"Der DiF\u00fc in den B\u00fccherhallen Hamburg\u00a0","og_description":"Als Lernwerkzeug f\u00fcr jede:n ist der DiF\u00fc auf die Nutzung an einer Vielzahl von Endger\u00e4ten wie Laptop, Tablet oder auch [&hellip;]","og_url":"https:\/\/difue.de\/en\/pressemitteilung\/der-difue-in-den-buecherhallen-hamburg\/","og_site_name":"Digitalf\u00fchrerschein (DiF\u00fc)","article_publisher":"https:\/\/www.facebook.com\/people\/DsiN-Digitalf%c3%bchrerschein-DiF%c3%bc\/100079074183260\/","article_modified_time":"2024-04-09T09:22:24+00:00","og_image":[{"width":14657,"height":10977,"url":"https:\/\/difue.de\/app\/uploads\/2022\/02\/DiFue-Logo_Logozusatz-RGB-positiv.png","type":"image\/png"}],"twitter_card":"summary_large_image","twitter_misc":{"Est. reading time":"2 minutes"},"schema":{"@context":"https:\/\/schema.org","@graph":[{"@type":"WebPage","@id":"https:\/\/difue.de\/en\/pressemitteilung\/der-difue-in-den-buecherhallen-hamburg\/","url":"https:\/\/difue.de\/en\/pressemitteilung\/der-difue-in-den-buecherhallen-hamburg\/","name":"Der DiF\u00fc in den B\u00fccherhallen Hamburg\u00a0 &#8226; Digitalf\u00fchrerschein (DiF\u00fc)","isPartOf":{"@id":"https:\/\/difue.de\/en\/#website"},"datePublished":"2023-06-20T10:29:40+00:00","dateModified":"2024-04-09T09:22:24+00:00","breadcrumb":{"@id":"https:\/\/difue.de\/en\/pressemitteilung\/der-difue-in-den-buecherhallen-hamburg\/#breadcrumb"},"inLanguage":"en-US","potentialAction":[{"@type":"ReadAction","target":["https:\/\/difue.de\/en\/pressemitteilung\/der-difue-in-den-buecherhallen-hamburg\/"]}]},{"@type":"BreadcrumbList","@id":"https:\/\/difue.de\/en\/pressemitteilung\/der-difue-in-den-buecherhallen-hamburg\/#breadcrumb","itemListElement":[{"@type":"ListItem","position":1,"name":"Startseite","item":"https:\/\/difue.de\/en\/startseite\/"},{"@type":"ListItem","position":2,"name":"Der DiF\u00fc in den B\u00fccherhallen Hamburg\u00a0"}]},{"@type":"WebSite","@id":"https:\/\/difue.de\/en\/#website","url":"https:\/\/difue.de\/en\/","name":"Digitalf\u00fchrerschein (DiF\u00fc)","description":"","publisher":{"@id":"https:\/\/difue.de\/en\/#organization"},"potentialAction":[{"@type":"SearchAction","target":{"@type":"EntryPoint","urlTemplate":"https:\/\/difue.de\/en\/?s={search_term_string}"},"query-input":{"@type":"PropertyValueSpecification","valueRequired":true,"valueName":"search_term_string"}}],"inLanguage":"en-US"},{"@type":"Organization","@id":"https:\/\/difue.de\/en\/#organization","name":"Digitalf\u00fchrerschein (DiF\u00fc)","url":"https:\/\/difue.de\/en\/","logo":{"@type":"ImageObject","inLanguage":"en-US","@id":"https:\/\/difue.de\/en\/#\/schema\/logo\/image\/","url":"https:\/\/difue.de\/app\/uploads\/2021\/09\/difue-logo.svg","contentUrl":"https:\/\/difue.de\/app\/uploads\/2021\/09\/difue-logo.svg","width":200,"height":149,"caption":"Digitalf\u00fchrerschein (DiF\u00fc)"},"image":{"@id":"https:\/\/difue.de\/en\/#\/schema\/logo\/image\/"},"sameAs":["https:\/\/www.facebook.com\/people\/DsiN-Digitalf\u00fchrerschein-DiF\u00fc\/100079074183260\/","https:\/\/www.instagram.com\/dsin_digitalfuehrerschein\/"]}]}},"_links":{"self":[{"href":"https:\/\/difue.de\/en\/wp-json\/wp\/v2\/nova_press_release\/33186","targetHints":{"allow":["GET"]}}],"collection":[{"href":"https:\/\/difue.de\/en\/wp-json\/wp\/v2\/nova_press_release"}],"about":[{"href":"https:\/\/difue.de\/en\/wp-json\/wp\/v2\/types\/nova_press_release"}],"version-history":[{"count":4,"href":"https:\/\/difue.de\/en\/wp-json\/wp\/v2\/nova_press_release\/33186\/revisions"}],"predecessor-version":[{"id":42086,"href":"https:\/\/difue.de\/en\/wp-json\/wp\/v2\/nova_press_release\/33186\/revisions\/42086"}],"wp:attachment":[{"href":"https:\/\/difue.de\/en\/wp-json\/wp\/v2\/media?parent=33186"}],"curies":[{"name":"wp","href":"https:\/\/api.w.org\/{rel}","templated":true}]}}