{"id":33713,"date":"2023-08-30T12:52:11","date_gmt":"2023-08-30T10:52:11","guid":{"rendered":"https:\/\/difue.de\/?post_type=nova_press_release&#038;p=33713"},"modified":"2024-04-09T11:21:26","modified_gmt":"2024-04-09T09:21:26","slug":"die-emmy-noether-schule-neuenkirchen-laesst-schueler-und-schuelerinnen-den-difue-absolviere","status":"publish","type":"nova_press_release","link":"https:\/\/difue.de\/en\/pressemitteilung\/die-emmy-noether-schule-neuenkirchen-laesst-schueler-und-schuelerinnen-den-difue-absolviere\/","title":{"rendered":"Das DiF\u00fc-Zertifikat macht Schule"},"content":{"rendered":" <div class=\"container  post_type__nova_press_release\"><div class=\"row mb-3\"><div class=\"col-12 col-lg-8 offset-lg-2\">\t\n<p>Der Aufbau fundierter Digitalkompetenz in der breiten Gesellschaft sollte schon fr\u00fch ansetzen. Die Emmy-Noether-Schule im norddeutschen Neuenkirchen hat sich diesem Auftrag als zertifizierte \u201eDigitale Schule\u201c verschrieben. <\/p>\n<\/div><\/div><\/div>\n\n <div class=\"container  post_type__nova_press_release\"><div class=\"row mb-3\"><div class=\"col-12 col-lg-8 offset-lg-2\">\t\n<p>Im Wahlpflichtfach Informatik in der achten und neunten Stufe sowie der AG \u201eFit am PC\u201c wird dort mit dem DiF\u00fc gelernt und das Zertifikat abgelegt. Durch das Zertifikat k\u00f6nnen Lehrkr\u00e4fte den Lernstand der Klasse ermitteln und die Sch\u00fcler:innen haben bereits eine Zusatzqualifikation f\u00fcr zuk\u00fcnftige Bewerbungen in der Tasche. Michael Leusmann, Oberstudienrat und Medienbeauftragter der ENS, sch\u00e4tzt vor allem die flexible Anwendungsm\u00f6glichkeit des Angebots:<\/p>\n<\/div><\/div><\/div>\n\n <div class=\"container  post_type__nova_press_release\"><div class=\"row mb-3\"><div class=\"col-12 col-lg-8 offset-lg-2\">\t\n<p>\u201e<em>An der Emmy-Noether-Schule haben wir uns auf den Weg gemacht, den Kindern und Jugendlichen die notwenigen F\u00e4higkeiten zu vermitteln, um souver\u00e4n und sicher in der digitalen Welt zu agieren. Der Digitalf\u00fchrerschein erm\u00f6glicht es unseren Sch\u00fclerinnen und Sch\u00fclern individualisiert und selbstreguliert die grundlegenden digitalen Kompetenzen zu erwerben, um sich verantwortungsbewusst im digitalen Raum zu bewegen<\/em>.&#8221;<\/p>\n<\/div><\/div><\/div>\n\n <div class=\"container  post_type__nova_press_release\"><div class=\"row mb-3\"><div class=\"col-12 col-lg-8 offset-lg-2\">\t\n<p>In einer Welt, in der bereits die J\u00fcngsten nahezu t\u00e4glich mit digitalen Technologien in Ber\u00fchrung kommen, steht f\u00fcr Kinder und Jugendliche das Erleben des Internets meist stark im Vordergrund. Je nat\u00fcrlicher Kinder und Jugendliche das Internet nutzen und ihren Alltag digital gestalten, umso h\u00f6her ist aber auch die Wahrscheinlichkeit, dass sie sich wenig Gedanken um die Sicherheitsaspekte machen. Mit dem DiF\u00fc k\u00f6nnen sie ihr Wissen testen und zertifizieren. Denn nicht selten k\u00f6nnen auch Experten noch etwas dazulernen.  <\/p>\n<\/div><\/div><\/div>\n\n <div class=\"container  post_type__nova_press_release\"><div class=\"row mb-3\"><div class=\"col-12 col-lg-8 offset-lg-2\">\t\n<p>Um Schulen dabei zu unterst\u00fctzen, gibt es eine spezielle <a href=\"https:\/\/difue.de\/lehrkraefte\/\" target=\"_blank\" rel=\"noreferrer noopener\">DiF\u00fc-Version f\u00fcr Lehrkr\u00e4fte<\/a>. Hier werden Lehrer:innen fit f\u00fcr eine digitale Schulinfrastruktur gemacht. Gleichzeitig erhalten sie Tipps, wie der Unterricht digital gestaltet werden kann und welche Inhalte sinnvoll sind. <\/p>\n<\/div><\/div><\/div>\n\n <div class=\"container  post_type__nova_press_release\"><div class=\"row mb-3\"><div class=\"col-12 col-lg-8 offset-lg-2\">\t\n<p><a href=\"https:\/\/www.emmynoetherschule.de\/\" target=\"_blank\" rel=\"noreferrer noopener\">Zur Homepage der Emmy-Noether-Schule<\/a><\/p>\n<\/div><\/div><\/div>","protected":false},"template":"","meta":{"_acf_changed":false,"inline_featured_image":false,"footnotes":""},"class_list":["post-33713","nova_press_release","type-nova_press_release","status-publish","hentry"],"acf":{"image":33732},"yoast_head":"<!-- This site is optimized with the Yoast SEO Premium plugin v22.4 (Yoast SEO v24.7) - https:\/\/yoast.com\/wordpress\/plugins\/seo\/ -->\n<title>Das DiF\u00fc-Zertifikat macht Schule &#8226; Digitalf\u00fchrerschein (DiF\u00fc)<\/title>\n<meta name=\"description\" content=\"Die Emmy-Noether-Schule im norddeutschen Neuenkirchen bringt ihren Sch\u00fclern und Sch\u00fcler:innen das Internet mit dem DiF\u00fc bei.\" \/>\n<meta name=\"robots\" content=\"index, follow, max-snippet:-1, max-image-preview:large, max-video-preview:-1\" \/>\n<link rel=\"canonical\" href=\"https:\/\/difue.de\/en\/pressemitteilung\/die-emmy-noether-schule-neuenkirchen-laesst-schueler-und-schuelerinnen-den-difue-absolviere\/\" \/>\n<meta property=\"og:locale\" content=\"en_US\" \/>\n<meta property=\"og:type\" content=\"article\" \/>\n<meta property=\"og:title\" content=\"Das DiF\u00fc-Zertifikat macht Schule\" \/>\n<meta property=\"og:description\" content=\"Die Emmy-Noether-Schule im norddeutschen Neuenkirchen bringt ihren Sch\u00fclern und Sch\u00fcler:innen das Internet mit dem DiF\u00fc bei.\" \/>\n<meta property=\"og:url\" content=\"https:\/\/difue.de\/en\/pressemitteilung\/die-emmy-noether-schule-neuenkirchen-laesst-schueler-und-schuelerinnen-den-difue-absolviere\/\" \/>\n<meta property=\"og:site_name\" content=\"Digitalf\u00fchrerschein (DiF\u00fc)\" \/>\n<meta property=\"article:publisher\" content=\"https:\/\/www.facebook.com\/people\/DsiN-Digitalf%c3%bchrerschein-DiF%c3%bc\/100079074183260\/\" \/>\n<meta property=\"article:modified_time\" content=\"2024-04-09T09:21:26+00:00\" \/>\n<meta property=\"og:image\" content=\"https:\/\/difue.de\/app\/uploads\/2022\/02\/DiFue-Logo_Logozusatz-RGB-positiv.png\" \/>\n\t<meta property=\"og:image:width\" content=\"14657\" \/>\n\t<meta property=\"og:image:height\" content=\"10977\" \/>\n\t<meta property=\"og:image:type\" content=\"image\/png\" \/>\n<meta name=\"twitter:card\" content=\"summary_large_image\" \/>\n<meta name=\"twitter:label1\" content=\"Est. reading time\" \/>\n\t<meta name=\"twitter:data1\" content=\"2 minutes\" \/>\n<script type=\"application\/ld+json\" class=\"yoast-schema-graph\">{\"@context\":\"https:\/\/schema.org\",\"@graph\":[{\"@type\":\"WebPage\",\"@id\":\"https:\/\/difue.de\/en\/pressemitteilung\/die-emmy-noether-schule-neuenkirchen-laesst-schueler-und-schuelerinnen-den-difue-absolviere\/\",\"url\":\"https:\/\/difue.de\/en\/pressemitteilung\/die-emmy-noether-schule-neuenkirchen-laesst-schueler-und-schuelerinnen-den-difue-absolviere\/\",\"name\":\"Das DiF\u00fc-Zertifikat macht Schule &#8226; Digitalf\u00fchrerschein (DiF\u00fc)\",\"isPartOf\":{\"@id\":\"https:\/\/difue.de\/en\/#website\"},\"datePublished\":\"2023-08-30T10:52:11+00:00\",\"dateModified\":\"2024-04-09T09:21:26+00:00\",\"description\":\"Die Emmy-Noether-Schule im norddeutschen Neuenkirchen bringt ihren Sch\u00fclern und Sch\u00fcler:innen das Internet mit dem DiF\u00fc bei.\",\"breadcrumb\":{\"@id\":\"https:\/\/difue.de\/en\/pressemitteilung\/die-emmy-noether-schule-neuenkirchen-laesst-schueler-und-schuelerinnen-den-difue-absolviere\/#breadcrumb\"},\"inLanguage\":\"en-US\",\"potentialAction\":[{\"@type\":\"ReadAction\",\"target\":[\"https:\/\/difue.de\/en\/pressemitteilung\/die-emmy-noether-schule-neuenkirchen-laesst-schueler-und-schuelerinnen-den-difue-absolviere\/\"]}]},{\"@type\":\"BreadcrumbList\",\"@id\":\"https:\/\/difue.de\/en\/pressemitteilung\/die-emmy-noether-schule-neuenkirchen-laesst-schueler-und-schuelerinnen-den-difue-absolviere\/#breadcrumb\",\"itemListElement\":[{\"@type\":\"ListItem\",\"position\":1,\"name\":\"Startseite\",\"item\":\"https:\/\/difue.de\/en\/startseite\/\"},{\"@type\":\"ListItem\",\"position\":2,\"name\":\"Das DiF\u00fc-Zertifikat macht Schule\"}]},{\"@type\":\"WebSite\",\"@id\":\"https:\/\/difue.de\/en\/#website\",\"url\":\"https:\/\/difue.de\/en\/\",\"name\":\"Digitalf\u00fchrerschein (DiF\u00fc)\",\"description\":\"\",\"publisher\":{\"@id\":\"https:\/\/difue.de\/en\/#organization\"},\"potentialAction\":[{\"@type\":\"SearchAction\",\"target\":{\"@type\":\"EntryPoint\",\"urlTemplate\":\"https:\/\/difue.de\/en\/?s={search_term_string}\"},\"query-input\":{\"@type\":\"PropertyValueSpecification\",\"valueRequired\":true,\"valueName\":\"search_term_string\"}}],\"inLanguage\":\"en-US\"},{\"@type\":\"Organization\",\"@id\":\"https:\/\/difue.de\/en\/#organization\",\"name\":\"Digitalf\u00fchrerschein (DiF\u00fc)\",\"url\":\"https:\/\/difue.de\/en\/\",\"logo\":{\"@type\":\"ImageObject\",\"inLanguage\":\"en-US\",\"@id\":\"https:\/\/difue.de\/en\/#\/schema\/logo\/image\/\",\"url\":\"https:\/\/difue.de\/app\/uploads\/2021\/09\/difue-logo.svg\",\"contentUrl\":\"https:\/\/difue.de\/app\/uploads\/2021\/09\/difue-logo.svg\",\"width\":200,\"height\":149,\"caption\":\"Digitalf\u00fchrerschein (DiF\u00fc)\"},\"image\":{\"@id\":\"https:\/\/difue.de\/en\/#\/schema\/logo\/image\/\"},\"sameAs\":[\"https:\/\/www.facebook.com\/people\/DsiN-Digitalf\u00fchrerschein-DiF\u00fc\/100079074183260\/\",\"https:\/\/www.instagram.com\/dsin_digitalfuehrerschein\/\"]}]}<\/script>\n<!-- \/ Yoast SEO Premium plugin. -->","yoast_head_json":{"title":"Das DiF\u00fc-Zertifikat macht Schule &#8226; Digitalf\u00fchrerschein (DiF\u00fc)","description":"Die Emmy-Noether-Schule im norddeutschen Neuenkirchen bringt ihren Sch\u00fclern und Sch\u00fcler:innen das Internet mit dem DiF\u00fc bei.","robots":{"index":"index","follow":"follow","max-snippet":"max-snippet:-1","max-image-preview":"max-image-preview:large","max-video-preview":"max-video-preview:-1"},"canonical":"https:\/\/difue.de\/en\/pressemitteilung\/die-emmy-noether-schule-neuenkirchen-laesst-schueler-und-schuelerinnen-den-difue-absolviere\/","og_locale":"en_US","og_type":"article","og_title":"Das DiF\u00fc-Zertifikat macht Schule","og_description":"Die Emmy-Noether-Schule im norddeutschen Neuenkirchen bringt ihren Sch\u00fclern und Sch\u00fcler:innen das Internet mit dem DiF\u00fc bei.","og_url":"https:\/\/difue.de\/en\/pressemitteilung\/die-emmy-noether-schule-neuenkirchen-laesst-schueler-und-schuelerinnen-den-difue-absolviere\/","og_site_name":"Digitalf\u00fchrerschein (DiF\u00fc)","article_publisher":"https:\/\/www.facebook.com\/people\/DsiN-Digitalf%c3%bchrerschein-DiF%c3%bc\/100079074183260\/","article_modified_time":"2024-04-09T09:21:26+00:00","og_image":[{"width":14657,"height":10977,"url":"https:\/\/difue.de\/app\/uploads\/2022\/02\/DiFue-Logo_Logozusatz-RGB-positiv.png","type":"image\/png"}],"twitter_card":"summary_large_image","twitter_misc":{"Est. reading time":"2 minutes"},"schema":{"@context":"https:\/\/schema.org","@graph":[{"@type":"WebPage","@id":"https:\/\/difue.de\/en\/pressemitteilung\/die-emmy-noether-schule-neuenkirchen-laesst-schueler-und-schuelerinnen-den-difue-absolviere\/","url":"https:\/\/difue.de\/en\/pressemitteilung\/die-emmy-noether-schule-neuenkirchen-laesst-schueler-und-schuelerinnen-den-difue-absolviere\/","name":"Das DiF\u00fc-Zertifikat macht Schule &#8226; Digitalf\u00fchrerschein (DiF\u00fc)","isPartOf":{"@id":"https:\/\/difue.de\/en\/#website"},"datePublished":"2023-08-30T10:52:11+00:00","dateModified":"2024-04-09T09:21:26+00:00","description":"Die Emmy-Noether-Schule im norddeutschen Neuenkirchen bringt ihren Sch\u00fclern und Sch\u00fcler:innen das Internet mit dem DiF\u00fc bei.","breadcrumb":{"@id":"https:\/\/difue.de\/en\/pressemitteilung\/die-emmy-noether-schule-neuenkirchen-laesst-schueler-und-schuelerinnen-den-difue-absolviere\/#breadcrumb"},"inLanguage":"en-US","potentialAction":[{"@type":"ReadAction","target":["https:\/\/difue.de\/en\/pressemitteilung\/die-emmy-noether-schule-neuenkirchen-laesst-schueler-und-schuelerinnen-den-difue-absolviere\/"]}]},{"@type":"BreadcrumbList","@id":"https:\/\/difue.de\/en\/pressemitteilung\/die-emmy-noether-schule-neuenkirchen-laesst-schueler-und-schuelerinnen-den-difue-absolviere\/#breadcrumb","itemListElement":[{"@type":"ListItem","position":1,"name":"Startseite","item":"https:\/\/difue.de\/en\/startseite\/"},{"@type":"ListItem","position":2,"name":"Das DiF\u00fc-Zertifikat macht Schule"}]},{"@type":"WebSite","@id":"https:\/\/difue.de\/en\/#website","url":"https:\/\/difue.de\/en\/","name":"Digitalf\u00fchrerschein (DiF\u00fc)","description":"","publisher":{"@id":"https:\/\/difue.de\/en\/#organization"},"potentialAction":[{"@type":"SearchAction","target":{"@type":"EntryPoint","urlTemplate":"https:\/\/difue.de\/en\/?s={search_term_string}"},"query-input":{"@type":"PropertyValueSpecification","valueRequired":true,"valueName":"search_term_string"}}],"inLanguage":"en-US"},{"@type":"Organization","@id":"https:\/\/difue.de\/en\/#organization","name":"Digitalf\u00fchrerschein (DiF\u00fc)","url":"https:\/\/difue.de\/en\/","logo":{"@type":"ImageObject","inLanguage":"en-US","@id":"https:\/\/difue.de\/en\/#\/schema\/logo\/image\/","url":"https:\/\/difue.de\/app\/uploads\/2021\/09\/difue-logo.svg","contentUrl":"https:\/\/difue.de\/app\/uploads\/2021\/09\/difue-logo.svg","width":200,"height":149,"caption":"Digitalf\u00fchrerschein (DiF\u00fc)"},"image":{"@id":"https:\/\/difue.de\/en\/#\/schema\/logo\/image\/"},"sameAs":["https:\/\/www.facebook.com\/people\/DsiN-Digitalf\u00fchrerschein-DiF\u00fc\/100079074183260\/","https:\/\/www.instagram.com\/dsin_digitalfuehrerschein\/"]}]}},"_links":{"self":[{"href":"https:\/\/difue.de\/en\/wp-json\/wp\/v2\/nova_press_release\/33713","targetHints":{"allow":["GET"]}}],"collection":[{"href":"https:\/\/difue.de\/en\/wp-json\/wp\/v2\/nova_press_release"}],"about":[{"href":"https:\/\/difue.de\/en\/wp-json\/wp\/v2\/types\/nova_press_release"}],"version-history":[{"count":7,"href":"https:\/\/difue.de\/en\/wp-json\/wp\/v2\/nova_press_release\/33713\/revisions"}],"predecessor-version":[{"id":42085,"href":"https:\/\/difue.de\/en\/wp-json\/wp\/v2\/nova_press_release\/33713\/revisions\/42085"}],"wp:attachment":[{"href":"https:\/\/difue.de\/en\/wp-json\/wp\/v2\/media?parent=33713"}],"curies":[{"name":"wp","href":"https:\/\/api.w.org\/{rel}","templated":true}]}}