{"id":15378,"date":"2022-10-06T15:00:00","date_gmt":"2022-10-06T13:00:00","guid":{"rendered":"https:\/\/difue.de\/?p=15378"},"modified":"2022-10-06T16:47:46","modified_gmt":"2022-10-06T14:47:46","slug":"der-digitale-personalausweis-ueberblick-ueber-die-eid-funktion","status":"publish","type":"post","link":"https:\/\/difue.de\/en\/news\/technologiealltag\/der-digitale-personalausweis-ueberblick-ueber-die-eid-funktion\/","title":{"rendered":"Der digitale Personalausweis"},"content":{"rendered":" <div class=\"container  post_type__post\"><div class=\"row mb-3\"><div class=\"col-12 col-lg-8 offset-lg-2\">\t\n<p>Seit dem 01. November 2010 enthalten ausgegebene Personalausweise im Scheckkartenformat einen Chip, mit dem man den Ausweis auch online verwenden kann \u2013 die sogenannte eID-Funktion (elektronische Identit\u00e4t). Mehr als zehn Jahre sp\u00e4ter wird diese im Netz von den Bundesb\u00fcrger:innen kaum angenommen. Was auch daran liegen mag, dass die Funktion vor 2017 eigenst\u00e4ndig aktiviert werden musste. <\/p>\n<\/div><\/div><\/div>\n\n <div class=\"container  post_type__post\"><div class=\"row mb-3\"><div class=\"col-12 col-lg-8 offset-lg-2\">\t\n<p>Seither ist das immerhin automatisch der Fall. Wir zeigen, wie und wof\u00fcr Sie den digitalen Personalausweis verwenden k\u00f6nnen.<\/p>\n<\/div><\/div><\/div>\n\n <div class=\"container  post_type__post\"><div class=\"row mb-3\"><div class=\"col-12 col-lg-8 offset-lg-2\">\t\n<h2 class=\"wp-block-heading\">Digitaler Personalausweis: So funktioniert die eID<\/h2>\n<\/div><\/div><\/div>\n\n <div class=\"container  post_type__post\"><div class=\"row mb-3\"><div class=\"col-12 col-lg-8 offset-lg-2\">\t\n<p>Um den elektronischen Personalausweis zu nutzen, ben\u00f6tigen Verbraucher:innen mehrere Komponenten. F\u00fcr eine Online-Identifikation braucht Folgendes:<\/p>\n<\/div><\/div><\/div>\n\n <div class=\"container  post_type__post\"><div class=\"row mb-3\"><div class=\"col-12 col-lg-8 offset-lg-2\">\t\n<ul class=\"wp-block-list\"><li>Haptischer Ausweis<\/li><li>Selbstgew\u00e4hlte sechsstellige PIN<\/li><li>Smartphone mit NFC-Funktion oder Kartenleser<\/li><li>Software f\u00fcr das ausgew\u00e4hlte Ger\u00e4t (z.B. &#8220;AusweisApp2&#8221;)<\/li><\/ul>\n<\/div><\/div><\/div>\n\n <div class=\"container  post_type__post\"><div class=\"row mb-3\"><div class=\"col-12 col-lg-8 offset-lg-2\">\t\n<p>Als problematisch hat sich neben der umst\u00e4ndlichen Handhabung erwiesen, dass nicht jedes Kartenleseger\u00e4t und nicht jedes Smartphone-Modell f\u00fcr die Nutzung geeignet sind. Dazu hat der Bund <a href=\"https:\/\/www.ausweisapp.bund.de\/mobile-geraete\" target=\"_blank\" rel=\"noreferrer noopener\">Listen mit allen kompatiblen Ger\u00e4ten<\/a> erstellt.<\/p>\n<\/div><\/div><\/div>\n\n\n<section class=\"block__text_with_info_box mb-6\">\n\t<div class=\"container\">\n\t\t<div class=\"row mb-3 mb-lg-7\">\n\t\t\t<div class=\"col-12 col-lg-8 offset-lg-2\">\n\n\t\t\t\t<div class=\"block__text_with_info_box__content_wrapper\">\n\n\t\t\t\t\t<div class=\"block__text_with_info_box__info_box_wrapper col-12 col-lg-6 float-lg-start pb-4\">\n\t\t\t\t\t\t<div class=\"block__text_with_info_box__info_box p-4\">\n\t\t\t\t\t\t\t\t\t\t\t\t\t\t\t<div class=\"h3\">Was ist NFC?<\/div>\n\t\t\t\t\t\t\t\t\t\t\t\t\t\t<div class=\"block__text_with_info_box__text_wrapper\">\n\t\t\t\t\t\t\t\t<p>NFC ist eine Abk\u00fcrzung f\u00fcr \u201eNear Field Communication\u201c (auf deutsch: \u201eNahfeldkommunikation\u201c). Mit dieser Funktechnik k\u00f6nnen Ger\u00e4te Daten kontaktlos austauschen. So kann etwas das Smartphone die Daten des Personalausweises mittels NFC auslesen.<\/p>\n\t\t\t\t\t\t\t<\/div>\n\t\t\t\t\t\t<\/div>\n\t\t\t\t\t<\/div>\n\t\t\t\t\t<p><!-- wp:paragraph --><\/p>\n<p>Allerdings ist die Technologie dadurch besonders sicher: Neben der Zwei-Faktor-Authentisierung (2FA) durch das Vorhandensein des Ausweisdokuments und der Abfrage der PIN kommen noch weitere Mechanismen zum Tragen. Die \u00dcbertragung der Daten erfolgt stets mit einer Ende-zu-Ende-Verschl\u00fcsselung und auch die abfragende Seite wird durch ein staatlich vergebenes Zertifikat \u00fcberpr\u00fcft.<\/p>\n<p>&nbsp;<\/p>\n<p><!-- \/wp:paragraph --> <!-- wp:paragraph --><\/p>\n<p>Gedacht ist der Online-Ausweis als M\u00f6glichkeit, um \u201eBeh\u00f6rdeng\u00e4nge oder gesch\u00e4ftliche Angelegenheiten einfach elektronisch\u201c und unabh\u00e4ngig von \u00d6ffnungszeiten zu erledigen. Unter anderem lassen sich folgende Dienste vereinfacht nutzen:<\/p>\n<p>&nbsp;<\/p>\n<ul>\n<li>BAf\u00f6G-Antrag<\/li>\n<li>die Anmeldung im Steuererkl\u00e4rungs-Portal ELSTER<\/li>\n<li>Arbeitslosenmeldung bei der Bundesagentur f\u00fcr Arbeit<\/li>\n<li>weitere B\u00fcrgerservices wie die Kfz-Zulassung<\/li>\n<\/ul>\n<p>Eine Liste mit angebotenen Anwendungen hat das Bundesinnenministerium <a href=\"https:\/\/www.personalausweisportal.de\/SiteGlobals\/Forms\/Webs\/PA\/suche\/anwendungensuche-formular.html?gts=14626016_list%253DunifiedDate_dt%2Bdesc\">auf seinem Personalausweisportal gesammelt<\/a>.<\/p>\n<p><!-- \/wp:paragraph --><\/p>\n\n\t\t\t\t<\/div>\n\n\t\t\t<\/div>\n\t\t<\/div>\n\t<\/div>\n<\/section>\n\n\n <div class=\"container  post_type__post\"><div class=\"row mb-3\"><div class=\"col-12 col-lg-8 offset-lg-2\">\t\n<h2 class=\"wp-block-heading\">Mit Smart-eID den Ausweis auf dem Handy speichern<\/h2>\n<\/div><\/div><\/div>\n\n <div class=\"container  post_type__post\"><div class=\"row mb-3\"><div class=\"col-12 col-lg-8 offset-lg-2\">\t\n<p>Seit Herbst 2021 gibt es die Option, den elektronischen Personalausweis dauerhaft auf dem Smartphone zu hinterlegen \u2013 die Smart-eID. \u201eDas bedeutet einen gro\u00dfen Sprung in Sachen Nutzerfreundlichkeit\u201c, vermeldete die Bundesregierung im Rahmen der Ank\u00fcndigung. Daf\u00fcr sind bislang aus Sicherheitsgr\u00fcnden allerdings nur bestimmte Ger\u00e4te geeignet. Weitere sollen folgen.<\/p>\n<\/div><\/div><\/div>\n\n <div class=\"container  post_type__post\"><div class=\"row mb-3\"><div class=\"col-12 col-lg-8 offset-lg-2\">\t\n<p>Hauptkritikpunkt bleibt jedoch, dass noch zu wenig Angebote den elektronischen Personalausweis beziehungsweise die eID tats\u00e4chlich miteinbeziehen. Gerade im Bereich B\u00fcrgerdienste ist die Nutzung noch nicht deutschlandweit gew\u00e4hrleistet. Gem\u00e4\u00df dem Onlinezugangsgesetz, das Bund und L\u00e4nder verpflichtet, ihre Verwaltungsleistungen auch digital verf\u00fcgbar zu machen, m\u00fcsste dies bis Ende 2022 der Fall sein.<\/p>\n<\/div><\/div><\/div>\n\n\n<section class=\"block__cta text-align-center mb-6\">\n\t<div class=\"container\">\n\t\t<div class=\"row\">\n\t\t\t<div class=\"col-12 col-lg-4 offset-lg-4\">\n\t\t\t\t<a href=\"https:\/\/difue.de\/journey-section\/digitaler-personalausweis-lv3-privat\/\"><div class=\"block__cta__cta_wrapper fw-bold \">\n\t\t\t\t\tAlles zum digitalen Personalausweis!\t\t\t\t<\/div><\/a>\n\t\t\t<\/div>\n\t\t<\/div>\n\t\t\t\t\t<div class=\"row mt-6\">\n\t\t\t\t<div class=\"col-12 col-lg-4 offset-lg-4\">\n\t\t\t\t\t<div class=\"block__cta__text_wrapper\">\n\t\t\t\t\t\tMit dem DsiN-Digitalf\u00fchrerschein (DiF\u00fc) erfahren, was der digitale Personalausweis ist und wie man ihn sicher nutzen kann.\t\t\t\t\t<\/div>\n\t\t\t\t<\/div>\n\t\t\t<\/div>\n\t\t\t<\/div>\n<\/section>\n","protected":false},"excerpt":{"rendered":"<p>Seit dem 01. November 2010 enthalten ausgegebene Personalausweise im Scheckkartenformat einen Chip, mit dem man den Ausweis auch online verwenden [&hellip;]<\/p>\n","protected":false},"author":39,"featured_media":0,"comment_status":"open","ping_status":"open","sticky":false,"template":"","format":"standard","meta":{"_acf_changed":false,"inline_featured_image":false,"footnotes":""},"categories":[3],"tags":[46,279,281,280,67,278,100,93],"class_list":["post-15378","post","type-post","status-publish","format-standard","hentry","category-technologiealltag","tag-datenschutz","tag-digitaler-personalausweis","tag-eid","tag-elektronischer-personalausweis","tag-internet","tag-personalausweis","tag-persoenliche-daten","tag-privatsphaere"],"acf":{"show_similar_posts":"Ja","similar_posts":[24127,33327,33657,33826,33959,34378,34904,35354,35276,39139,39581,40110,40996,41090,41904,41922],"sleeve":"","kicker":"Online-Identifizierung per Smart-eID","bild":15380,"bildunterschrift":"Der elektronische Personalausweis. Quelle: Bundesamt f\u00fcr Sicherheit in der Informationstechnik","anreisser":"Mit dem elektronischen Personalausweis kann man sich online sicher ausweisen. Die Mehrheit der Deutschen macht davon allerdings noch keinen Gebrauch. Eine neue Funktion soll das bald \u00e4ndern.","podcast":"","video":""},"yoast_head":"<!-- This site is optimized with the Yoast SEO Premium plugin v22.4 (Yoast SEO v24.7) - https:\/\/yoast.com\/wordpress\/plugins\/seo\/ -->\n<title>Der digitale Personalausweis<\/title>\n<meta name=\"description\" content=\"Mit der eID kann man sich online sicher ausweisen, doch die Wenigsten nutzen die Funktion. Eine Erg\u00e4nzung soll das bald \u00e4ndern.\" \/>\n<meta name=\"robots\" content=\"index, follow, max-snippet:-1, max-image-preview:large, max-video-preview:-1\" \/>\n<link rel=\"canonical\" href=\"https:\/\/difue.de\/en\/news\/technologiealltag\/der-digitale-personalausweis-ueberblick-ueber-die-eid-funktion\/\" \/>\n<meta property=\"og:locale\" content=\"en_US\" \/>\n<meta property=\"og:type\" content=\"article\" \/>\n<meta property=\"og:title\" content=\"Der digitale Personalausweis\" \/>\n<meta property=\"og:description\" content=\"Mit der eID kann man sich online sicher ausweisen, doch die Wenigsten nutzen die Funktion. Eine Erg\u00e4nzung soll das bald \u00e4ndern.\" \/>\n<meta property=\"og:url\" content=\"https:\/\/difue.de\/en\/news\/technologiealltag\/der-digitale-personalausweis-ueberblick-ueber-die-eid-funktion\/\" \/>\n<meta property=\"og:site_name\" content=\"Digitalf\u00fchrerschein (DiF\u00fc)\" \/>\n<meta property=\"article:publisher\" content=\"https:\/\/www.facebook.com\/people\/DsiN-Digitalf%c3%bchrerschein-DiF%c3%bc\/100079074183260\/\" \/>\n<meta property=\"article:published_time\" content=\"2022-10-06T13:00:00+00:00\" \/>\n<meta property=\"article:modified_time\" content=\"2022-10-06T14:47:46+00:00\" \/>\n<meta property=\"og:image\" content=\"https:\/\/difue.de\/app\/uploads\/2022\/03\/maxsize_2ea86bb497f66eb7480491f7149ab349_nutzung_eid_mit_mobiler_ausweisapp2_hochaufgelost.jpg\" \/><meta property=\"og:image:width\" content=\"980\" \/><meta property=\"og:image:height\" content=\"490\" \/><meta property=\"og:image:type\" content=\"image\/jpeg\" \/>\n<meta name=\"author\" content=\"Daniel Lehmann\" \/>\n<meta name=\"twitter:card\" content=\"summary_large_image\" \/>\n<meta name=\"twitter:label1\" content=\"Written by\" \/>\n\t<meta name=\"twitter:data1\" content=\"Daniel Lehmann\" \/>\n\t<meta name=\"twitter:label2\" content=\"Est. reading time\" \/>\n\t<meta name=\"twitter:data2\" content=\"2 minutes\" \/>\n<script type=\"application\/ld+json\" class=\"yoast-schema-graph\">{\"@context\":\"https:\/\/schema.org\",\"@graph\":[{\"@type\":\"Article\",\"@id\":\"https:\/\/difue.de\/en\/news\/technologiealltag\/der-digitale-personalausweis-ueberblick-ueber-die-eid-funktion\/#article\",\"isPartOf\":{\"@id\":\"https:\/\/difue.de\/en\/news\/technologiealltag\/der-digitale-personalausweis-ueberblick-ueber-die-eid-funktion\/\"},\"author\":{\"name\":\"Daniel Lehmann\",\"@id\":\"https:\/\/difue.de\/en\/#\/schema\/person\/76751921f49f6d4baef87b62efe2fea0\"},\"headline\":\"Der digitale Personalausweis\",\"datePublished\":\"2022-10-06T13:00:00+00:00\",\"dateModified\":\"2022-10-06T14:47:46+00:00\",\"mainEntityOfPage\":{\"@id\":\"https:\/\/difue.de\/en\/news\/technologiealltag\/der-digitale-personalausweis-ueberblick-ueber-die-eid-funktion\/\"},\"wordCount\":274,\"commentCount\":0,\"publisher\":{\"@id\":\"https:\/\/difue.de\/en\/#organization\"},\"keywords\":[\"Datenschutz\",\"Digitaler Personalausweis\",\"eID\",\"Elektronischer Personalausweis\",\"Internet\",\"Personalausweis\",\"pers\u00f6nliche Daten\",\"Privatsph\u00e4re\"],\"articleSection\":[\"Technologiealltag\"],\"inLanguage\":\"en-US\"},{\"@type\":\"WebPage\",\"@id\":\"https:\/\/difue.de\/en\/news\/technologiealltag\/der-digitale-personalausweis-ueberblick-ueber-die-eid-funktion\/\",\"url\":\"https:\/\/difue.de\/en\/news\/technologiealltag\/der-digitale-personalausweis-ueberblick-ueber-die-eid-funktion\/\",\"name\":\"Der digitale Personalausweis\",\"isPartOf\":{\"@id\":\"https:\/\/difue.de\/en\/#website\"},\"datePublished\":\"2022-10-06T13:00:00+00:00\",\"dateModified\":\"2022-10-06T14:47:46+00:00\",\"description\":\"Mit der eID kann man sich online sicher ausweisen, doch die Wenigsten nutzen die Funktion. Eine Erg\u00e4nzung soll das bald \u00e4ndern.\",\"breadcrumb\":{\"@id\":\"https:\/\/difue.de\/en\/news\/technologiealltag\/der-digitale-personalausweis-ueberblick-ueber-die-eid-funktion\/#breadcrumb\"},\"inLanguage\":\"en-US\",\"potentialAction\":[{\"@type\":\"ReadAction\",\"target\":[\"https:\/\/difue.de\/en\/news\/technologiealltag\/der-digitale-personalausweis-ueberblick-ueber-die-eid-funktion\/\"]}]},{\"@type\":\"BreadcrumbList\",\"@id\":\"https:\/\/difue.de\/en\/news\/technologiealltag\/der-digitale-personalausweis-ueberblick-ueber-die-eid-funktion\/#breadcrumb\",\"itemListElement\":[{\"@type\":\"ListItem\",\"position\":1,\"name\":\"Startseite\",\"item\":\"https:\/\/difue.de\/en\/startseite\/\"},{\"@type\":\"ListItem\",\"position\":2,\"name\":\"Der digitale Personalausweis\"}]},{\"@type\":\"WebSite\",\"@id\":\"https:\/\/difue.de\/en\/#website\",\"url\":\"https:\/\/difue.de\/en\/\",\"name\":\"Digitalf\u00fchrerschein (DiF\u00fc)\",\"description\":\"\",\"publisher\":{\"@id\":\"https:\/\/difue.de\/en\/#organization\"},\"potentialAction\":[{\"@type\":\"SearchAction\",\"target\":{\"@type\":\"EntryPoint\",\"urlTemplate\":\"https:\/\/difue.de\/en\/?s={search_term_string}\"},\"query-input\":{\"@type\":\"PropertyValueSpecification\",\"valueRequired\":true,\"valueName\":\"search_term_string\"}}],\"inLanguage\":\"en-US\"},{\"@type\":\"Organization\",\"@id\":\"https:\/\/difue.de\/en\/#organization\",\"name\":\"Digitalf\u00fchrerschein (DiF\u00fc)\",\"url\":\"https:\/\/difue.de\/en\/\",\"logo\":{\"@type\":\"ImageObject\",\"inLanguage\":\"en-US\",\"@id\":\"https:\/\/difue.de\/en\/#\/schema\/logo\/image\/\",\"url\":\"https:\/\/difue.de\/app\/uploads\/2021\/09\/difue-logo.svg\",\"contentUrl\":\"https:\/\/difue.de\/app\/uploads\/2021\/09\/difue-logo.svg\",\"width\":200,\"height\":149,\"caption\":\"Digitalf\u00fchrerschein (DiF\u00fc)\"},\"image\":{\"@id\":\"https:\/\/difue.de\/en\/#\/schema\/logo\/image\/\"},\"sameAs\":[\"https:\/\/www.facebook.com\/people\/DsiN-Digitalf\u00fchrerschein-DiF\u00fc\/100079074183260\/\",\"https:\/\/www.instagram.com\/dsin_digitalfuehrerschein\/\"]},{\"@type\":\"Person\",\"@id\":\"https:\/\/difue.de\/en\/#\/schema\/person\/76751921f49f6d4baef87b62efe2fea0\",\"name\":\"Daniel Lehmann\",\"image\":{\"@type\":\"ImageObject\",\"inLanguage\":\"en-US\",\"@id\":\"https:\/\/difue.de\/en\/#\/schema\/person\/image\/\",\"url\":\"https:\/\/secure.gravatar.com\/avatar\/edb3f15d1c29438ef66ffe530577050eb36eb8b46646b2b113f30c3092dd99fd?s=96&d=mm&r=g\",\"contentUrl\":\"https:\/\/secure.gravatar.com\/avatar\/edb3f15d1c29438ef66ffe530577050eb36eb8b46646b2b113f30c3092dd99fd?s=96&d=mm&r=g\",\"caption\":\"Daniel Lehmann\"}}]}<\/script>\n<!-- \/ Yoast SEO Premium plugin. -->","yoast_head_json":{"title":"Der digitale Personalausweis","description":"Mit der eID kann man sich online sicher ausweisen, doch die Wenigsten nutzen die Funktion. Eine Erg\u00e4nzung soll das bald \u00e4ndern.","robots":{"index":"index","follow":"follow","max-snippet":"max-snippet:-1","max-image-preview":"max-image-preview:large","max-video-preview":"max-video-preview:-1"},"canonical":"https:\/\/difue.de\/en\/news\/technologiealltag\/der-digitale-personalausweis-ueberblick-ueber-die-eid-funktion\/","og_locale":"en_US","og_type":"article","og_title":"Der digitale Personalausweis","og_description":"Mit der eID kann man sich online sicher ausweisen, doch die Wenigsten nutzen die Funktion. Eine Erg\u00e4nzung soll das bald \u00e4ndern.","og_url":"https:\/\/difue.de\/en\/news\/technologiealltag\/der-digitale-personalausweis-ueberblick-ueber-die-eid-funktion\/","og_site_name":"Digitalf\u00fchrerschein (DiF\u00fc)","article_publisher":"https:\/\/www.facebook.com\/people\/DsiN-Digitalf%c3%bchrerschein-DiF%c3%bc\/100079074183260\/","article_published_time":"2022-10-06T13:00:00+00:00","article_modified_time":"2022-10-06T14:47:46+00:00","author":"Daniel Lehmann","twitter_card":"summary_large_image","twitter_misc":{"Written by":"Daniel Lehmann","Est. reading time":"2 minutes"},"schema":{"@context":"https:\/\/schema.org","@graph":[{"@type":"Article","@id":"https:\/\/difue.de\/en\/news\/technologiealltag\/der-digitale-personalausweis-ueberblick-ueber-die-eid-funktion\/#article","isPartOf":{"@id":"https:\/\/difue.de\/en\/news\/technologiealltag\/der-digitale-personalausweis-ueberblick-ueber-die-eid-funktion\/"},"author":{"name":"Daniel Lehmann","@id":"https:\/\/difue.de\/en\/#\/schema\/person\/76751921f49f6d4baef87b62efe2fea0"},"headline":"Der digitale Personalausweis","datePublished":"2022-10-06T13:00:00+00:00","dateModified":"2022-10-06T14:47:46+00:00","mainEntityOfPage":{"@id":"https:\/\/difue.de\/en\/news\/technologiealltag\/der-digitale-personalausweis-ueberblick-ueber-die-eid-funktion\/"},"wordCount":274,"commentCount":0,"publisher":{"@id":"https:\/\/difue.de\/en\/#organization"},"keywords":["Datenschutz","Digitaler Personalausweis","eID","Elektronischer Personalausweis","Internet","Personalausweis","pers\u00f6nliche Daten","Privatsph\u00e4re"],"articleSection":["Technologiealltag"],"inLanguage":"en-US"},{"@type":"WebPage","@id":"https:\/\/difue.de\/en\/news\/technologiealltag\/der-digitale-personalausweis-ueberblick-ueber-die-eid-funktion\/","url":"https:\/\/difue.de\/en\/news\/technologiealltag\/der-digitale-personalausweis-ueberblick-ueber-die-eid-funktion\/","name":"Der digitale Personalausweis","isPartOf":{"@id":"https:\/\/difue.de\/en\/#website"},"datePublished":"2022-10-06T13:00:00+00:00","dateModified":"2022-10-06T14:47:46+00:00","description":"Mit der eID kann man sich online sicher ausweisen, doch die Wenigsten nutzen die Funktion. Eine Erg\u00e4nzung soll das bald \u00e4ndern.","breadcrumb":{"@id":"https:\/\/difue.de\/en\/news\/technologiealltag\/der-digitale-personalausweis-ueberblick-ueber-die-eid-funktion\/#breadcrumb"},"inLanguage":"en-US","potentialAction":[{"@type":"ReadAction","target":["https:\/\/difue.de\/en\/news\/technologiealltag\/der-digitale-personalausweis-ueberblick-ueber-die-eid-funktion\/"]}]},{"@type":"BreadcrumbList","@id":"https:\/\/difue.de\/en\/news\/technologiealltag\/der-digitale-personalausweis-ueberblick-ueber-die-eid-funktion\/#breadcrumb","itemListElement":[{"@type":"ListItem","position":1,"name":"Startseite","item":"https:\/\/difue.de\/en\/startseite\/"},{"@type":"ListItem","position":2,"name":"Der digitale Personalausweis"}]},{"@type":"WebSite","@id":"https:\/\/difue.de\/en\/#website","url":"https:\/\/difue.de\/en\/","name":"Digitalf\u00fchrerschein (DiF\u00fc)","description":"","publisher":{"@id":"https:\/\/difue.de\/en\/#organization"},"potentialAction":[{"@type":"SearchAction","target":{"@type":"EntryPoint","urlTemplate":"https:\/\/difue.de\/en\/?s={search_term_string}"},"query-input":{"@type":"PropertyValueSpecification","valueRequired":true,"valueName":"search_term_string"}}],"inLanguage":"en-US"},{"@type":"Organization","@id":"https:\/\/difue.de\/en\/#organization","name":"Digitalf\u00fchrerschein (DiF\u00fc)","url":"https:\/\/difue.de\/en\/","logo":{"@type":"ImageObject","inLanguage":"en-US","@id":"https:\/\/difue.de\/en\/#\/schema\/logo\/image\/","url":"https:\/\/difue.de\/app\/uploads\/2021\/09\/difue-logo.svg","contentUrl":"https:\/\/difue.de\/app\/uploads\/2021\/09\/difue-logo.svg","width":200,"height":149,"caption":"Digitalf\u00fchrerschein (DiF\u00fc)"},"image":{"@id":"https:\/\/difue.de\/en\/#\/schema\/logo\/image\/"},"sameAs":["https:\/\/www.facebook.com\/people\/DsiN-Digitalf\u00fchrerschein-DiF\u00fc\/100079074183260\/","https:\/\/www.instagram.com\/dsin_digitalfuehrerschein\/"]},{"@type":"Person","@id":"https:\/\/difue.de\/en\/#\/schema\/person\/76751921f49f6d4baef87b62efe2fea0","name":"Daniel Lehmann","image":{"@type":"ImageObject","inLanguage":"en-US","@id":"https:\/\/difue.de\/en\/#\/schema\/person\/image\/","url":"https:\/\/secure.gravatar.com\/avatar\/edb3f15d1c29438ef66ffe530577050eb36eb8b46646b2b113f30c3092dd99fd?s=96&d=mm&r=g","contentUrl":"https:\/\/secure.gravatar.com\/avatar\/edb3f15d1c29438ef66ffe530577050eb36eb8b46646b2b113f30c3092dd99fd?s=96&d=mm&r=g","caption":"Daniel Lehmann"}}]}},"_links":{"self":[{"href":"https:\/\/difue.de\/en\/wp-json\/wp\/v2\/posts\/15378","targetHints":{"allow":["GET"]}}],"collection":[{"href":"https:\/\/difue.de\/en\/wp-json\/wp\/v2\/posts"}],"about":[{"href":"https:\/\/difue.de\/en\/wp-json\/wp\/v2\/types\/post"}],"author":[{"embeddable":true,"href":"https:\/\/difue.de\/en\/wp-json\/wp\/v2\/users\/39"}],"replies":[{"embeddable":true,"href":"https:\/\/difue.de\/en\/wp-json\/wp\/v2\/comments?post=15378"}],"version-history":[{"count":0,"href":"https:\/\/difue.de\/en\/wp-json\/wp\/v2\/posts\/15378\/revisions"}],"acf:post":[{"embeddable":true,"href":"https:\/\/difue.de\/en\/wp-json\/wp\/v2\/posts\/41922"},{"embeddable":true,"href":"https:\/\/difue.de\/en\/wp-json\/wp\/v2\/posts\/41904"},{"embeddable":true,"href":"https:\/\/difue.de\/en\/wp-json\/wp\/v2\/posts\/40996"},{"embeddable":true,"href":"https:\/\/difue.de\/en\/wp-json\/wp\/v2\/posts\/40110"},{"embeddable":true,"href":"https:\/\/difue.de\/en\/wp-json\/wp\/v2\/posts\/39581"},{"embeddable":true,"href":"https:\/\/difue.de\/en\/wp-json\/wp\/v2\/posts\/39139"},{"embeddable":true,"href":"https:\/\/difue.de\/en\/wp-json\/wp\/v2\/posts\/35276"},{"embeddable":true,"href":"https:\/\/difue.de\/en\/wp-json\/wp\/v2\/posts\/35354"},{"embeddable":true,"href":"https:\/\/difue.de\/en\/wp-json\/wp\/v2\/posts\/34904"},{"embeddable":true,"href":"https:\/\/difue.de\/en\/wp-json\/wp\/v2\/posts\/34378"},{"embeddable":true,"href":"https:\/\/difue.de\/en\/wp-json\/wp\/v2\/posts\/33959"},{"embeddable":true,"href":"https:\/\/difue.de\/en\/wp-json\/wp\/v2\/posts\/33826"},{"embeddable":true,"href":"https:\/\/difue.de\/en\/wp-json\/wp\/v2\/posts\/33657"},{"embeddable":true,"href":"https:\/\/difue.de\/en\/wp-json\/wp\/v2\/posts\/33327"}],"wp:attachment":[{"href":"https:\/\/difue.de\/en\/wp-json\/wp\/v2\/media?parent=15378"}],"wp:term":[{"taxonomy":"category","embeddable":true,"href":"https:\/\/difue.de\/en\/wp-json\/wp\/v2\/categories?post=15378"},{"taxonomy":"post_tag","embeddable":true,"href":"https:\/\/difue.de\/en\/wp-json\/wp\/v2\/tags?post=15378"}],"curies":[{"name":"wp","href":"https:\/\/api.w.org\/{rel}","templated":true}]}}