{"id":16835,"date":"2022-05-02T18:09:57","date_gmt":"2022-05-02T16:09:57","guid":{"rendered":"https:\/\/difue.de\/?p=16835"},"modified":"2022-10-06T16:32:17","modified_gmt":"2022-10-06T14:32:17","slug":"kommt-ein-bundesweites-portal-gegen-hate-speech","status":"publish","type":"post","link":"https:\/\/difue.de\/en\/news\/kommunikation\/kommt-ein-bundesweites-portal-gegen-hate-speech\/","title":{"rendered":"Kommt ein bundesweites Portal gegen Hate Speech?"},"content":{"rendered":" <div class=\"container  post_type__post\"><div class=\"row mb-3\"><div class=\"col-12 col-lg-8 offset-lg-2\">\t\n<p>Hamburgs Justizsenatorin Anna Gallina will st\u00e4rker gegen Hate Speech im Netz vorgehen. Sie macht sich deshalb f\u00fcr ein bundesweites Online-Portal stark, auf dem Opfer Hasskommentare melden k\u00f6nnen sollen. Gegen\u00fcber der Deutschen Presse-Agentur sagte die Gr\u00fcnen-Politikerin: &#8220;Wer Hass und Hetze verbreitet, muss die Konsequenzen zu sp\u00fcren bekommen.&#8221; Um T\u00e4ter zu \u00fcberf\u00fchren, sei ein konsequentes Anzeigen von Hasskommentaren notwendig und ein bundesweites Online-Portal k\u00f6nne laut Gallina dazu beitragen, &#8220;Hass und Hetze noch effektiver zu verfolgen.&#8221; <\/p>\n<\/div><\/div><\/div>\n\n <div class=\"container  post_type__post\"><div class=\"row mb-3\"><div class=\"col-12 col-lg-8 offset-lg-2\">\t\n<h3 class=\"wp-block-heading\">Was ist \u00fcberhaupt Hate Speech?<\/h3>\n<\/div><\/div><\/div>\n\n <div class=\"container  post_type__post\"><div class=\"row mb-3\"><div class=\"col-12 col-lg-8 offset-lg-2\">\t\n<p>Laut einer forsa-Studie zur Wahrnehmung von Hassrede im Internet im Auftrag der Landesanstalt f\u00fcr Medien NRW erleben <a href=\"https:\/\/www.medienanstalt-nrw.de\/fileadmin\/user_upload\/NeueWebsite_0120\/Themen\/Hass\/forsa_LFMNRW_Hassrede2021_Praesentation.pdf\" target=\"_blank\" rel=\"noreferrer noopener\"><strong>mehr als drei Viertel der Menschen in Deutschland Hate Speech im Netz<\/strong><\/a>. Sie richtet sich oftmals gegen Merkmale wie Hautfarbe, Alter, Behinderung, sexuelle Orientierung, geschlechtliche Identit\u00e4t, Herkunft oder Religion. Zu Hate Speech z\u00e4hlen etwa verachtende oder feindliche Aussagen, die Menschen aufgrund ihrer Zugeh\u00f6rigkeit zu bestimmten Personengruppen herabw\u00fcrdigen, stigmatisieren oder diskriminieren sollen.<\/p>\n<\/div><\/div><\/div>\n\n <div class=\"container  post_type__post\"><div class=\"row mb-3\"><div class=\"col-12 col-lg-8 offset-lg-2\">\t\n<p> Solche Kommentare k\u00f6nnen <a href=\"https:\/\/difue.de\/news\/kommunikation\/sicher-soziale-netzwerke\/?s=hate\" target=\"_blank\" rel=\"noreferrer noopener\"><strong>auf Plattformen wie Facebook und YouTube<\/strong><\/a> gemeldet werden. Die Inhalte werden dann \u00fcberpr\u00fcft und gegebenenfalls gel\u00f6scht. Allerdings leiden Betroffene trotzdem emotional unter den Angriffen, zumal die Kommentare bis zur L\u00f6schung weiterhin abrufbar bleiben.<\/p>\n<\/div><\/div><\/div>\n\n <div class=\"container  post_type__post\"><div class=\"row mb-3\"><div class=\"col-12 col-lg-8 offset-lg-2\">\t\n<h3 class=\"wp-block-heading\">Wie soll das Portal gegen Hate Speech helfen? <\/h3>\n<\/div><\/div><\/div>\n\n <div class=\"container  post_type__post\"><div class=\"row mb-3\"><div class=\"col-12 col-lg-8 offset-lg-2\">\t\n<p>Hasskommentare, etwa in Form von Beleidigungen, \u00fcbler Nachrede oder Volksverhetzung, k\u00f6nnen in Deutschland strafbar sein. An dieser Stelle setzt das von Gallina vorgeschlagene Portal an. Die Justizministerkonferenz wird sich im Juni mit einem Beschlussvorschlag befassen, bislang sind allerdings bereits folgende Zielsetzungen des Dienstes bekannt:<\/p>\n<\/div><\/div><\/div>\n\n <div class=\"container  post_type__post\"><div class=\"row mb-3\"><div class=\"col-12 col-lg-8 offset-lg-2\">\t\n<ul class=\"wp-block-list\"><li><strong>Einheitlicher und einfacher Zugang f\u00fcr alle:<\/strong> Es gibt in Deutschland bereits mehrere Meldedienste f\u00fcr Hasskommentare, die aber nicht effektiv zusammenarbeiten. Ein bundesweiter Online-Dienst k\u00f6nnte als zentrale Anlaufstelle die Arbeit der Beh\u00f6rden erleichtern und aufw\u00e4ndige Ermittlungen etwa durch parallele Strafanzeigen vermeiden. <\/li><li><strong>Abbau von Hemmschwellen und Erh\u00f6hung der Motivation zur Anzeige:<\/strong> F\u00fcr Nutzer:innen soll es m\u00f6glich werden, Screenshots und Videodateien sowie gegebenenfalls auch Strafantr\u00e4ge hochzuladen. Das soll das Melden von Hate Speech vereinfachen und dazu beitragen, dass mehr F\u00e4lle von Hasskriminalit\u00e4t geahndet werden k\u00f6nnen.<\/li><li><strong>Verbesserung der Qualit\u00e4t der Strafanzeigen: <\/strong>Wenn Betroffene von Hasskriminalit\u00e4t dokumentierte F\u00e4lle von Hate Speech in Form von Screenshots und Videodateien weiterleiten k\u00f6nnen, erhofft sich die Justizbeh\u00f6rde auch eine verbesserte Qualit\u00e4t der Strafanzeigen und damit ebenfalls mehr Effizienz bei der Strafverfolgung.<\/li><\/ul>\n<\/div><\/div><\/div>\n\n <div class=\"container  post_type__post\"><div class=\"row mb-3\"><div class=\"col-12 col-lg-8 offset-lg-2\">\t\n<h3 class=\"wp-block-heading\">Diese Melde-M\u00f6glichkeiten f\u00fcr Hate Speech gibt es schon<\/h3>\n<\/div><\/div><\/div>\n\n <div class=\"container  post_type__post\"><div class=\"row mb-3\"><div class=\"col-12 col-lg-8 offset-lg-2\">\t\n<p>Ob und wann ein bundesweiter Online-Dienst gegen Hasskommentare kommt, ist derzeit nicht klar. Betroffene k\u00f6nnen sich aber schon jetzt an unterschiedliche Initiativen wenden, um Hate Speech zu melden. Das sind einige der wichtigsten Melde- und Beratungsplattformen:<\/p>\n<\/div><\/div><\/div>\n\n <div class=\"container  post_type__post\"><div class=\"row mb-3\"><div class=\"col-12 col-lg-8 offset-lg-2\">\t\n<ul class=\"wp-block-list\"><li><strong><a href=\"https:\/\/hateaid.org\/\" target=\"_blank\" rel=\"noreferrer noopener\">HateAid<\/a><\/strong> bietet Betroffenen digitaler Gewalt&nbsp;kostenlose Beratung&nbsp;und&nbsp;Prozesskostenfinanzierung<\/li><li>Der <a href=\"https:\/\/weisser-ring.de\/\" target=\"_blank\" rel=\"noreferrer noopener\"><strong>Weisse Ring<\/strong><\/a> hilft Betroffenen von Kriminalit\u00e4t und Gewalt unter anderem mit einer Telefon-Hotline weiter<\/li><li>Die <strong><a href=\"https:\/\/www.bpb.de\/themen\/medien-journalismus\/netzdebatte\/260888\/strategien-gegen-den-hass\/#node-content-title-3\" target=\"_blank\" rel=\"noreferrer noopener\">Bundeszentrale f\u00fcr politische Bildung<\/a><\/strong> stellt Informationen, Materialien und Schriftenreihen zum Thema bereit und bietet beispielsweise Strategien an, um gegen Hate Speech vorzugehen<\/li><li><strong><a href=\"https:\/\/www.ichbinhier.eu\/\" target=\"_blank\" rel=\"noreferrer noopener\">Ichbinhier e.V.<\/a><\/strong> sensibilisiert Nutzer:innen sozialer Netzwerke, Medienvertreter:innen und politische Entscheidungstr\u00e4ger:innen mit Beratungsangeboten f\u00fcr das Thema Hass im Netz<\/li><li>Das <strong><a href=\"https:\/\/no-hate-speech.de\/de\/\" target=\"_blank\" rel=\"noreferrer noopener\">No Hate Speech Movement<\/a><\/strong> fasst Wissen, Hilfsangebote und Konter-M\u00f6glichkeiten gegen Hate Speech zusammen<\/li><li>Die Kampagne <strong><a href=\"https:\/\/www.das-nettz.de\/\" target=\"_blank\" rel=\"noreferrer noopener\">Das Nettz<\/a><\/strong> dient als Vernetzungsstelle gegen Hate Speech<\/li><li>Die <strong><a href=\"https:\/\/www.amadeu-antonio-stiftung.de\/digitale-zivilgesellschaft\/\" target=\"_blank\" rel=\"noreferrer noopener\">Amadeu Antonio Stiftung<\/a><\/strong> bietet Informationen, Nachrichten, Studien und Workshops rund um das Thema Hate Speech an<\/li><li>Auf <strong><a href=\"https:\/\/www.digibits.de\/schule-gegen-hate-speech\/\" target=\"_blank\" rel=\"noreferrer noopener\">DigiBitS: Schule gegen Hate Speech &#8211; F\u00fcr mehr Fairness im Netz<\/a><\/strong> finden Lehrkr\u00e4fte zahlreiche Materialien, um das Thema Hassrede im Unterricht zu behandeln. Die Materialien k\u00f6nnen auch in Fort- und Weiterbildungen eingesetzt werden.<\/li><\/ul>\n<\/div><\/div><\/div>\n\n <div class=\"container  post_type__post\"><div class=\"row mb-3\"><div class=\"col-12 col-lg-8 offset-lg-2\">\t\n<h3 class=\"wp-block-heading\">6 Tipps f\u00fcr einen souver\u00e4nen Umgang mit Hate Speech<\/h3>\n<\/div><\/div><\/div>\n\n <div class=\"container  post_type__post\"><div class=\"row mb-3\"><div class=\"col-12 col-lg-8 offset-lg-2\">\t\n<p>Wer mit Hasskommentaren konfrontiert ist, kann sich an den folgenden Regeln orientieren, um gegen Hate Speech vorzugehen oder Pr\u00e4ventionsma\u00dfnahmen zu treffen:<\/p>\n<\/div><\/div><\/div>\n\n <div class=\"container  post_type__post\"><div class=\"row mb-3\"><div class=\"col-12 col-lg-8 offset-lg-2\">\t\n<ol class=\"wp-block-list\"><li><strong>Zuerst die IBM-Regel anwenden:<\/strong>&nbsp;<strong>I<\/strong>gnorieren.&nbsp;<strong>B<\/strong>lockieren.&nbsp;<strong>M<\/strong>elden.<\/li><li><strong>Nicht provozieren lassen:<\/strong> M\u00f6glichst nicht auf feindlich gesinnte Aussagen eingehen oder nur mit einer kurzen Richtigstellung kommentieren. Sachlich bleiben.<\/li><li><strong>Mit Love Speech kontern:<\/strong> Wer Hate Speech im Netz kontern will, kann das mit positiven Kommentaren tun. <\/li><li><strong>Hilfe suchen:<\/strong> Betroffene sollten sich an vertraute Personen wenden, Beratungsangebote nutzen und Straftaten der Polizei melden. <\/li><li><strong>Privatsph\u00e4re-Einstellungen bewusst pr\u00fcfen:<\/strong> Welche Daten und Informationen sollen sichtbar sein und f\u00fcr wen? &nbsp;<\/li><li><strong>Kontaktanfragen pr\u00fcfen:<\/strong> Welche Personen sollen Teil des eigenen Netzwerkes sein &#8211; und wessen Kontaktanfragen lehne ich ab?<\/li><\/ol>\n<\/div><\/div><\/div>\n\n\n<section class=\"block__cta text-align-center mb-6\">\n\t<div class=\"container\">\n\t\t<div class=\"row\">\n\t\t\t<div class=\"col-12 col-lg-4 offset-lg-4\">\n\t\t\t\t<a href=\"https:\/\/difue.de\/journey-section\/belaestigungen-fake-news-2\/\"><div class=\"block__cta__cta_wrapper fw-bold \">\n\t\t\t\t\tJetzt gegen Hate Speech und Bel\u00e4stigungen vorgehen!\t\t\t\t<\/div><\/a>\n\t\t\t<\/div>\n\t\t<\/div>\n\t\t\t\t\t<div class=\"row mt-6\">\n\t\t\t\t<div class=\"col-12 col-lg-4 offset-lg-4\">\n\t\t\t\t\t<div class=\"block__cta__text_wrapper\">\n\t\t\t\t\t\tIn der DiF\u00fc-Lernzentrale erfahren, wie man sich und andere vor Bel\u00e4stigungen sch\u00fctzen kann.\t\t\t\t\t<\/div>\n\t\t\t\t<\/div>\n\t\t\t<\/div>\n\t\t\t<\/div>\n<\/section>\n","protected":false},"excerpt":{"rendered":"<p>Hamburgs Justizsenatorin Anna Gallina will st\u00e4rker gegen Hate Speech im Netz vorgehen. Sie macht sich deshalb f\u00fcr ein bundesweites Online-Portal [&hellip;]<\/p>\n","protected":false},"author":2842,"featured_media":0,"comment_status":"open","ping_status":"open","sticky":false,"template":"","format":"standard","meta":{"_acf_changed":false,"inline_featured_image":false,"footnotes":""},"categories":[7,6],"tags":[186,67,74],"class_list":["post-16835","post","type-post","status-publish","format-standard","hentry","category-internet","category-kommunikation","tag-hate-speech","tag-internet","tag-social-media"],"acf":{"show_similar_posts":"Ja","similar_posts":[17115,17403,17473,16756,17517,17850,17981,18383,18042,22020,30706],"sleeve":"","kicker":"Hasskriminalit\u00e4t gemeinsam bek\u00e4mpfen","bild":16838,"bildunterschrift":"Ein Blatt Papier ist mit Sprechblasen bedruckt, in denen sich unterschiedliche Emojis befinden.","anreisser":"Hamburgs Justizsenatorin Gallina fordert ein bundesweites Online-Portal zur effektiven Verfolgung von Hasskommentaren, um T\u00e4ter konsequent zur Rechenschaft zu ziehen. Wir erkl\u00e4ren die Pl\u00e4ne hinter dem Portal und zeigen auf, welche M\u00f6glichkeiten Verbraucher:innen bereits jetzt haben, um gegen Hate Speech im Netz vorzugehen.","podcast":"","video":""},"yoast_head":"<!-- This site is optimized with the Yoast SEO Premium plugin v22.4 (Yoast SEO v24.7) - https:\/\/yoast.com\/wordpress\/plugins\/seo\/ -->\n<title>Kommt ein bundesweites Portal gegen Hate Speech? &#8226; Digitalf\u00fchrerschein (DiF\u00fc)<\/title>\n<meta name=\"description\" content=\"Justizsenatorin Gallina fordert ein bundesweites Online-Portal zur effektiven Verfolgung von Hate Speech. Wir erkl\u00e4ren die Hintergr\u00fcnde.\" \/>\n<meta name=\"robots\" content=\"index, follow, max-snippet:-1, max-image-preview:large, max-video-preview:-1\" \/>\n<link rel=\"canonical\" href=\"https:\/\/difue.de\/en\/news\/kommunikation\/kommt-ein-bundesweites-portal-gegen-hate-speech\/\" \/>\n<meta property=\"og:locale\" content=\"en_US\" \/>\n<meta property=\"og:type\" content=\"article\" \/>\n<meta property=\"og:title\" content=\"Kommt ein bundesweites Portal gegen Hate Speech?\" \/>\n<meta property=\"og:description\" content=\"Justizsenatorin Gallina fordert ein bundesweites Online-Portal zur effektiven Verfolgung von Hate Speech. Wir erkl\u00e4ren die Hintergr\u00fcnde.\" \/>\n<meta property=\"og:url\" content=\"https:\/\/difue.de\/en\/news\/kommunikation\/kommt-ein-bundesweites-portal-gegen-hate-speech\/\" \/>\n<meta property=\"og:site_name\" content=\"Digitalf\u00fchrerschein (DiF\u00fc)\" \/>\n<meta property=\"article:publisher\" content=\"https:\/\/www.facebook.com\/people\/DsiN-Digitalf%c3%bchrerschein-DiF%c3%bc\/100079074183260\/\" \/>\n<meta property=\"article:published_time\" content=\"2022-05-02T16:09:57+00:00\" \/>\n<meta property=\"article:modified_time\" content=\"2022-10-06T14:32:17+00:00\" \/>\n<meta property=\"og:image\" content=\"https:\/\/difue.de\/app\/uploads\/2022\/05\/mika-baumeister-QBCS3iSKAyE-unsplash-scaled.jpg\" \/><meta property=\"og:image:width\" content=\"2048\" \/><meta property=\"og:image:height\" content=\"2560\" \/><meta property=\"og:image:type\" content=\"image\/jpeg\" \/>\n<meta name=\"author\" content=\"Manfred Rump\" \/>\n<meta name=\"twitter:card\" content=\"summary_large_image\" \/>\n<meta name=\"twitter:label1\" content=\"Written by\" \/>\n\t<meta name=\"twitter:data1\" content=\"Manfred Rump\" \/>\n\t<meta name=\"twitter:label2\" content=\"Est. reading time\" \/>\n\t<meta name=\"twitter:data2\" content=\"4 minutes\" \/>\n<script type=\"application\/ld+json\" class=\"yoast-schema-graph\">{\"@context\":\"https:\/\/schema.org\",\"@graph\":[{\"@type\":\"Article\",\"@id\":\"https:\/\/difue.de\/en\/news\/kommunikation\/kommt-ein-bundesweites-portal-gegen-hate-speech\/#article\",\"isPartOf\":{\"@id\":\"https:\/\/difue.de\/en\/news\/kommunikation\/kommt-ein-bundesweites-portal-gegen-hate-speech\/\"},\"author\":{\"name\":\"Manfred Rump\",\"@id\":\"https:\/\/difue.de\/en\/#\/schema\/person\/7ddbd0a4f5023f4ccf84b0aea801eccb\"},\"headline\":\"Kommt ein bundesweites Portal gegen Hate Speech?\",\"datePublished\":\"2022-05-02T16:09:57+00:00\",\"dateModified\":\"2022-10-06T14:32:17+00:00\",\"mainEntityOfPage\":{\"@id\":\"https:\/\/difue.de\/en\/news\/kommunikation\/kommt-ein-bundesweites-portal-gegen-hate-speech\/\"},\"wordCount\":734,\"commentCount\":0,\"publisher\":{\"@id\":\"https:\/\/difue.de\/en\/#organization\"},\"keywords\":[\"Hatespeech\",\"Internet\",\"Social Media\"],\"articleSection\":[\"Internet\",\"Kommunikation\"],\"inLanguage\":\"en-US\"},{\"@type\":\"WebPage\",\"@id\":\"https:\/\/difue.de\/en\/news\/kommunikation\/kommt-ein-bundesweites-portal-gegen-hate-speech\/\",\"url\":\"https:\/\/difue.de\/en\/news\/kommunikation\/kommt-ein-bundesweites-portal-gegen-hate-speech\/\",\"name\":\"Kommt ein bundesweites Portal gegen Hate Speech? &#8226; Digitalf\u00fchrerschein (DiF\u00fc)\",\"isPartOf\":{\"@id\":\"https:\/\/difue.de\/en\/#website\"},\"datePublished\":\"2022-05-02T16:09:57+00:00\",\"dateModified\":\"2022-10-06T14:32:17+00:00\",\"description\":\"Justizsenatorin Gallina fordert ein bundesweites Online-Portal zur effektiven Verfolgung von Hate Speech. Wir erkl\u00e4ren die Hintergr\u00fcnde.\",\"breadcrumb\":{\"@id\":\"https:\/\/difue.de\/en\/news\/kommunikation\/kommt-ein-bundesweites-portal-gegen-hate-speech\/#breadcrumb\"},\"inLanguage\":\"en-US\",\"potentialAction\":[{\"@type\":\"ReadAction\",\"target\":[\"https:\/\/difue.de\/en\/news\/kommunikation\/kommt-ein-bundesweites-portal-gegen-hate-speech\/\"]}]},{\"@type\":\"BreadcrumbList\",\"@id\":\"https:\/\/difue.de\/en\/news\/kommunikation\/kommt-ein-bundesweites-portal-gegen-hate-speech\/#breadcrumb\",\"itemListElement\":[{\"@type\":\"ListItem\",\"position\":1,\"name\":\"Startseite\",\"item\":\"https:\/\/difue.de\/en\/startseite\/\"},{\"@type\":\"ListItem\",\"position\":2,\"name\":\"Kommt ein bundesweites Portal gegen Hate Speech?\"}]},{\"@type\":\"WebSite\",\"@id\":\"https:\/\/difue.de\/en\/#website\",\"url\":\"https:\/\/difue.de\/en\/\",\"name\":\"Digitalf\u00fchrerschein (DiF\u00fc)\",\"description\":\"\",\"publisher\":{\"@id\":\"https:\/\/difue.de\/en\/#organization\"},\"potentialAction\":[{\"@type\":\"SearchAction\",\"target\":{\"@type\":\"EntryPoint\",\"urlTemplate\":\"https:\/\/difue.de\/en\/?s={search_term_string}\"},\"query-input\":{\"@type\":\"PropertyValueSpecification\",\"valueRequired\":true,\"valueName\":\"search_term_string\"}}],\"inLanguage\":\"en-US\"},{\"@type\":\"Organization\",\"@id\":\"https:\/\/difue.de\/en\/#organization\",\"name\":\"Digitalf\u00fchrerschein (DiF\u00fc)\",\"url\":\"https:\/\/difue.de\/en\/\",\"logo\":{\"@type\":\"ImageObject\",\"inLanguage\":\"en-US\",\"@id\":\"https:\/\/difue.de\/en\/#\/schema\/logo\/image\/\",\"url\":\"https:\/\/difue.de\/app\/uploads\/2021\/09\/difue-logo.svg\",\"contentUrl\":\"https:\/\/difue.de\/app\/uploads\/2021\/09\/difue-logo.svg\",\"width\":200,\"height\":149,\"caption\":\"Digitalf\u00fchrerschein (DiF\u00fc)\"},\"image\":{\"@id\":\"https:\/\/difue.de\/en\/#\/schema\/logo\/image\/\"},\"sameAs\":[\"https:\/\/www.facebook.com\/people\/DsiN-Digitalf\u00fchrerschein-DiF\u00fc\/100079074183260\/\",\"https:\/\/www.instagram.com\/dsin_digitalfuehrerschein\/\"]},{\"@type\":\"Person\",\"@id\":\"https:\/\/difue.de\/en\/#\/schema\/person\/7ddbd0a4f5023f4ccf84b0aea801eccb\",\"name\":\"Manfred Rump\",\"image\":{\"@type\":\"ImageObject\",\"inLanguage\":\"en-US\",\"@id\":\"https:\/\/difue.de\/en\/#\/schema\/person\/image\/\",\"url\":\"https:\/\/secure.gravatar.com\/avatar\/a2eb2b768f8bf7eec0ed300ad86980d7262a78869dadd41c2ed94e60c1c54686?s=96&d=mm&r=g\",\"contentUrl\":\"https:\/\/secure.gravatar.com\/avatar\/a2eb2b768f8bf7eec0ed300ad86980d7262a78869dadd41c2ed94e60c1c54686?s=96&d=mm&r=g\",\"caption\":\"Manfred Rump\"}}]}<\/script>\n<!-- \/ Yoast SEO Premium plugin. -->","yoast_head_json":{"title":"Kommt ein bundesweites Portal gegen Hate Speech? &#8226; Digitalf\u00fchrerschein (DiF\u00fc)","description":"Justizsenatorin Gallina fordert ein bundesweites Online-Portal zur effektiven Verfolgung von Hate Speech. Wir erkl\u00e4ren die Hintergr\u00fcnde.","robots":{"index":"index","follow":"follow","max-snippet":"max-snippet:-1","max-image-preview":"max-image-preview:large","max-video-preview":"max-video-preview:-1"},"canonical":"https:\/\/difue.de\/en\/news\/kommunikation\/kommt-ein-bundesweites-portal-gegen-hate-speech\/","og_locale":"en_US","og_type":"article","og_title":"Kommt ein bundesweites Portal gegen Hate Speech?","og_description":"Justizsenatorin Gallina fordert ein bundesweites Online-Portal zur effektiven Verfolgung von Hate Speech. Wir erkl\u00e4ren die Hintergr\u00fcnde.","og_url":"https:\/\/difue.de\/en\/news\/kommunikation\/kommt-ein-bundesweites-portal-gegen-hate-speech\/","og_site_name":"Digitalf\u00fchrerschein (DiF\u00fc)","article_publisher":"https:\/\/www.facebook.com\/people\/DsiN-Digitalf%c3%bchrerschein-DiF%c3%bc\/100079074183260\/","article_published_time":"2022-05-02T16:09:57+00:00","article_modified_time":"2022-10-06T14:32:17+00:00","author":"Manfred Rump","twitter_card":"summary_large_image","twitter_misc":{"Written by":"Manfred Rump","Est. reading time":"4 minutes"},"schema":{"@context":"https:\/\/schema.org","@graph":[{"@type":"Article","@id":"https:\/\/difue.de\/en\/news\/kommunikation\/kommt-ein-bundesweites-portal-gegen-hate-speech\/#article","isPartOf":{"@id":"https:\/\/difue.de\/en\/news\/kommunikation\/kommt-ein-bundesweites-portal-gegen-hate-speech\/"},"author":{"name":"Manfred Rump","@id":"https:\/\/difue.de\/en\/#\/schema\/person\/7ddbd0a4f5023f4ccf84b0aea801eccb"},"headline":"Kommt ein bundesweites Portal gegen Hate Speech?","datePublished":"2022-05-02T16:09:57+00:00","dateModified":"2022-10-06T14:32:17+00:00","mainEntityOfPage":{"@id":"https:\/\/difue.de\/en\/news\/kommunikation\/kommt-ein-bundesweites-portal-gegen-hate-speech\/"},"wordCount":734,"commentCount":0,"publisher":{"@id":"https:\/\/difue.de\/en\/#organization"},"keywords":["Hatespeech","Internet","Social Media"],"articleSection":["Internet","Kommunikation"],"inLanguage":"en-US"},{"@type":"WebPage","@id":"https:\/\/difue.de\/en\/news\/kommunikation\/kommt-ein-bundesweites-portal-gegen-hate-speech\/","url":"https:\/\/difue.de\/en\/news\/kommunikation\/kommt-ein-bundesweites-portal-gegen-hate-speech\/","name":"Kommt ein bundesweites Portal gegen Hate Speech? &#8226; Digitalf\u00fchrerschein (DiF\u00fc)","isPartOf":{"@id":"https:\/\/difue.de\/en\/#website"},"datePublished":"2022-05-02T16:09:57+00:00","dateModified":"2022-10-06T14:32:17+00:00","description":"Justizsenatorin Gallina fordert ein bundesweites Online-Portal zur effektiven Verfolgung von Hate Speech. Wir erkl\u00e4ren die Hintergr\u00fcnde.","breadcrumb":{"@id":"https:\/\/difue.de\/en\/news\/kommunikation\/kommt-ein-bundesweites-portal-gegen-hate-speech\/#breadcrumb"},"inLanguage":"en-US","potentialAction":[{"@type":"ReadAction","target":["https:\/\/difue.de\/en\/news\/kommunikation\/kommt-ein-bundesweites-portal-gegen-hate-speech\/"]}]},{"@type":"BreadcrumbList","@id":"https:\/\/difue.de\/en\/news\/kommunikation\/kommt-ein-bundesweites-portal-gegen-hate-speech\/#breadcrumb","itemListElement":[{"@type":"ListItem","position":1,"name":"Startseite","item":"https:\/\/difue.de\/en\/startseite\/"},{"@type":"ListItem","position":2,"name":"Kommt ein bundesweites Portal gegen Hate Speech?"}]},{"@type":"WebSite","@id":"https:\/\/difue.de\/en\/#website","url":"https:\/\/difue.de\/en\/","name":"Digitalf\u00fchrerschein (DiF\u00fc)","description":"","publisher":{"@id":"https:\/\/difue.de\/en\/#organization"},"potentialAction":[{"@type":"SearchAction","target":{"@type":"EntryPoint","urlTemplate":"https:\/\/difue.de\/en\/?s={search_term_string}"},"query-input":{"@type":"PropertyValueSpecification","valueRequired":true,"valueName":"search_term_string"}}],"inLanguage":"en-US"},{"@type":"Organization","@id":"https:\/\/difue.de\/en\/#organization","name":"Digitalf\u00fchrerschein (DiF\u00fc)","url":"https:\/\/difue.de\/en\/","logo":{"@type":"ImageObject","inLanguage":"en-US","@id":"https:\/\/difue.de\/en\/#\/schema\/logo\/image\/","url":"https:\/\/difue.de\/app\/uploads\/2021\/09\/difue-logo.svg","contentUrl":"https:\/\/difue.de\/app\/uploads\/2021\/09\/difue-logo.svg","width":200,"height":149,"caption":"Digitalf\u00fchrerschein (DiF\u00fc)"},"image":{"@id":"https:\/\/difue.de\/en\/#\/schema\/logo\/image\/"},"sameAs":["https:\/\/www.facebook.com\/people\/DsiN-Digitalf\u00fchrerschein-DiF\u00fc\/100079074183260\/","https:\/\/www.instagram.com\/dsin_digitalfuehrerschein\/"]},{"@type":"Person","@id":"https:\/\/difue.de\/en\/#\/schema\/person\/7ddbd0a4f5023f4ccf84b0aea801eccb","name":"Manfred Rump","image":{"@type":"ImageObject","inLanguage":"en-US","@id":"https:\/\/difue.de\/en\/#\/schema\/person\/image\/","url":"https:\/\/secure.gravatar.com\/avatar\/a2eb2b768f8bf7eec0ed300ad86980d7262a78869dadd41c2ed94e60c1c54686?s=96&d=mm&r=g","contentUrl":"https:\/\/secure.gravatar.com\/avatar\/a2eb2b768f8bf7eec0ed300ad86980d7262a78869dadd41c2ed94e60c1c54686?s=96&d=mm&r=g","caption":"Manfred Rump"}}]}},"_links":{"self":[{"href":"https:\/\/difue.de\/en\/wp-json\/wp\/v2\/posts\/16835","targetHints":{"allow":["GET"]}}],"collection":[{"href":"https:\/\/difue.de\/en\/wp-json\/wp\/v2\/posts"}],"about":[{"href":"https:\/\/difue.de\/en\/wp-json\/wp\/v2\/types\/post"}],"author":[{"embeddable":true,"href":"https:\/\/difue.de\/en\/wp-json\/wp\/v2\/users\/2842"}],"replies":[{"embeddable":true,"href":"https:\/\/difue.de\/en\/wp-json\/wp\/v2\/comments?post=16835"}],"version-history":[{"count":0,"href":"https:\/\/difue.de\/en\/wp-json\/wp\/v2\/posts\/16835\/revisions"}],"acf:post":[{"embeddable":true,"href":"https:\/\/difue.de\/en\/wp-json\/wp\/v2\/posts\/30706"},{"embeddable":true,"href":"https:\/\/difue.de\/en\/wp-json\/wp\/v2\/posts\/22020"},{"embeddable":true,"href":"https:\/\/difue.de\/en\/wp-json\/wp\/v2\/posts\/18042"},{"embeddable":true,"href":"https:\/\/difue.de\/en\/wp-json\/wp\/v2\/posts\/18383"},{"embeddable":true,"href":"https:\/\/difue.de\/en\/wp-json\/wp\/v2\/posts\/17981"},{"embeddable":true,"href":"https:\/\/difue.de\/en\/wp-json\/wp\/v2\/posts\/17850"},{"embeddable":true,"href":"https:\/\/difue.de\/en\/wp-json\/wp\/v2\/posts\/17517"},{"embeddable":true,"href":"https:\/\/difue.de\/en\/wp-json\/wp\/v2\/posts\/16756"},{"embeddable":true,"href":"https:\/\/difue.de\/en\/wp-json\/wp\/v2\/posts\/17473"},{"embeddable":true,"href":"https:\/\/difue.de\/en\/wp-json\/wp\/v2\/posts\/17403"},{"embeddable":true,"href":"https:\/\/difue.de\/en\/wp-json\/wp\/v2\/posts\/17115"}],"wp:attachment":[{"href":"https:\/\/difue.de\/en\/wp-json\/wp\/v2\/media?parent=16835"}],"wp:term":[{"taxonomy":"category","embeddable":true,"href":"https:\/\/difue.de\/en\/wp-json\/wp\/v2\/categories?post=16835"},{"taxonomy":"post_tag","embeddable":true,"href":"https:\/\/difue.de\/en\/wp-json\/wp\/v2\/tags?post=16835"}],"curies":[{"name":"wp","href":"https:\/\/api.w.org\/{rel}","templated":true}]}}