{"id":18333,"date":"2022-05-25T11:02:03","date_gmt":"2022-05-25T09:02:03","guid":{"rendered":"https:\/\/difue.de\/?p=18333"},"modified":"2022-05-25T12:26:41","modified_gmt":"2022-05-25T10:26:41","slug":"datenschutz-dsgvo-9-mythen","status":"publish","type":"post","link":"https:\/\/difue.de\/en\/news\/datenwelt\/datenschutz-dsgvo-9-mythen\/","title":{"rendered":"9 Mythen rund um die DSGVO"},"content":{"rendered":" <div class=\"container  post_type__post\"><div class=\"row mb-3\"><div class=\"col-12 col-lg-8 offset-lg-2\">\t\n<p>Die Datenschutzgrundverordnung, kurz <a href=\"https:\/\/difue.de\/news\/datenwelt\/dsgvo-faq\/\" target=\"_blank\" rel=\"noreferrer noopener\">DSGVO<\/a> oder DS-GVO regelt seit dem 24. Mai 2016, wie Unternehmen mit den pers\u00f6nlichen Daten umgehen d\u00fcrfen, die sie von uns sammeln. Die Regelung gilt in der gesamten Europ\u00e4ischen Union und f\u00fcr alle EU-B\u00fcrger:innen.  <\/p>\n<\/div><\/div><\/div>\n\n <div class=\"container  post_type__post\"><div class=\"row mb-3\"><div class=\"col-12 col-lg-8 offset-lg-2\">\t\n<p>Die DSGVO verfolgt dabei im Wesentlichen zwei Ziele:<\/p>\n<\/div><\/div><\/div>\n\n <div class=\"container  post_type__post\"><div class=\"row mb-3\"><div class=\"col-12 col-lg-8 offset-lg-2\">\t\n<ol class=\"wp-block-list\"><li>Sie soll den Schutz personenbezogener Daten innerhalb der&nbsp;Europ\u00e4ischen Union&nbsp;gew\u00e4hrleisten.<\/li><li>Sie soll den freien&nbsp;Datenverkehr&nbsp;innerhalb des&nbsp;europ\u00e4ischen Binnenmarktes&nbsp;sicherstellen.<\/li><\/ol>\n<\/div><\/div><\/div>\n\n <div class=\"container  post_type__post\"><div class=\"row mb-3\"><div class=\"col-12 col-lg-8 offset-lg-2\">\t\n<p>Mit der DSGVO haben Verbraucher:innen in der EU zahlreiche neue Rechte erhalten, zum Beispiel:<\/p>\n<\/div><\/div><\/div>\n\n <div class=\"container  post_type__post\"><div class=\"row mb-3\"><div class=\"col-12 col-lg-8 offset-lg-2\">\t\n<ul class=\"wp-block-list\"><li><strong>Das Recht auf Vergessenwerden:<\/strong> Pers\u00f6nliche Daten m\u00fcssen gel\u00f6scht werden, sobald sie f\u00fcr den urspr\u00fcnglichen Zweck der Speicherung nicht mehr gebraucht werden. Das gilt z.B. f\u00fcr pers\u00f6nliche Informationen nach der Abmeldung von einem Newsletter.<\/li><li><strong>Das Recht auf Auskunft: <\/strong>Organisationen m\u00fcssen gespeicherte Daten auf Anfrage herausgeben k\u00f6nnen. Verbraucher:innen k\u00f6nnen beispielsweise erfragen, wo und wie oft sie eine Supermarkt-Bonuskarte genutzt haben.<\/li><li><strong>Das Recht auf Informationen zu Datenschutz-Verst\u00f6\u00dfen:<\/strong> Organisationen m\u00fcssen die Verbraucher:innen informieren, wenn sie von Cyber-Attacken oder Datenlecks betroffen sind.<\/li><\/ul>\n<\/div><\/div><\/div>\n\n <div class=\"container  post_type__post\"><div class=\"row mb-3\"><div class=\"col-12 col-lg-8 offset-lg-2\">\t\n<p>F\u00fcr Unternehmen und Organisationen ist die Umsetzung der DSGVO ein komplexes Unterfangen. Wohl auch wegen des umfassenden Regelwerks halten sich bis heute zahlreiche Mythen um die Verordnung hartn\u00e4ckig. Neun Irrt\u00fcmer sind besonders verbreitet.<\/p>\n<\/div><\/div><\/div>\n\n <div class=\"container  post_type__post\"><div class=\"row mb-3\"><div class=\"col-12 col-lg-8 offset-lg-2\">\t\n<h3 class=\"wp-block-heading\">Mythos 1: Die DSGVO ist ein reines &#8220;Internet-Gesetz&#8221;<\/h3>\n<\/div><\/div><\/div>\n\n <div class=\"container  post_type__post\"><div class=\"row mb-3\"><div class=\"col-12 col-lg-8 offset-lg-2\">\t\n<p>Online-Shops, Online-Banking oder auch digitale Beh\u00f6rdeng\u00e4nge &#8211; mit voranschreitender Digitalisierung verarbeiten Unternehmen und Organisation pers\u00f6nliche Daten zunehmend im Internet. <\/p>\n<\/div><\/div><\/div>\n\n <div class=\"container  post_type__post\"><div class=\"row mb-3\"><div class=\"col-12 col-lg-8 offset-lg-2\">\t\n<p>Die Datenschutzgrundverordnung betrifft allerdings auch s\u00e4mtliche Datenverarbeitungen abseits des Netzes &#8211; ganz egal, ob die pers\u00f6nlichen Daten via Telefongespr\u00e4ch oder m\u00fcndlich \u00fcbermittelt werden und per Karteikarten, Notizzettel, Aktenordner, Video- oder Tonaufnahme dokumentiert sind. <\/p>\n<\/div><\/div><\/div>\n\n <div class=\"container  post_type__post\"><div class=\"row mb-3\"><div class=\"col-12 col-lg-8 offset-lg-2\">\t\n<h3 class=\"wp-block-heading\">Mythos 2: Datenschutzgesetze gibt es seit 2018<\/h3>\n<\/div><\/div><\/div>\n\n <div class=\"container  post_type__post\"><div class=\"row mb-3\"><div class=\"col-12 col-lg-8 offset-lg-2\">\t\n<p>Zwar ist das Thema Datenschutz sp\u00e4testens mit der Anwendung der DSGVO 2018 in aller Munde. Trotzdem ist die EU-Verordnung nicht das erste Datenschutzgesetz seiner Art. Bereits 1978, also 40 Jahre zuvor, wurde in Deutschland das Bundesdatenschutzgesetz (BDSG) verabschiedet. Es war gewisserma\u00dfen Vorbild f\u00fcr die DSGVO und enthielt bereits viele Regelungen, die nun europaweit gelten.<\/p>\n<\/div><\/div><\/div>\n\n <div class=\"container  post_type__post\"><div class=\"row mb-3\"><div class=\"col-12 col-lg-8 offset-lg-2\">\t\n<p>Und: Die DSGVO selbst ist bereits am 24. Mai 2016 in Kraft getreten, wird nach einer &#8220;Schonfrist&#8221; von zwei Jahren aber erst seit 2018 angewendet.<\/p>\n<\/div><\/div><\/div>\n\n <div class=\"container  post_type__post\"><div class=\"row mb-3\"><div class=\"col-12 col-lg-8 offset-lg-2\">\t\n<h3 class=\"wp-block-heading\">Mythos 3: Die DSGVO gilt nur f\u00fcr Europa<\/h3>\n<\/div><\/div><\/div>\n\n <div class=\"container  post_type__post\"><div class=\"row mb-3\"><div class=\"col-12 col-lg-8 offset-lg-2\">\t\n<p>Die DSGVO ist ein Gesetz der Europ\u00e4ischen Union, das sich auf die Daten von EU-B\u00fcrgern bezieht. Das bedeutet aber nicht, dass die Regelungen nur innerhalt der EU-Grenzen gelten. Ganz im Gegenteil: Die Datenschutz-Grundverordnung gilt prinzipiell weltweit, denn sie betrifft alle Organisationen und Unternehmen, die mit personenbezogenen Daten von EU-B\u00fcrgern arbeiten. <\/p>\n<\/div><\/div><\/div>\n\n <div class=\"container  post_type__post\"><div class=\"row mb-3\"><div class=\"col-12 col-lg-8 offset-lg-2\">\t\n<p>Es spielt also keine Rolle, ob Unternehmen in Europa ans\u00e4ssig sind. Auch US-Firmen, wie etwa Facebook, m\u00fcssen die Regelungen der DSGVO beachten, wenn sie Daten von EU-B\u00fcrgern bearbeiten. Die Daten\u00fcbermittlung ins Nicht-EU-Ausland ist dabei an bestimmte Voraussetzungen gekn\u00fcpft. US-Firmen m\u00fcssen beispielsweise eine entsprechende Zertifizierung unter dem <a href=\"https:\/\/www.privacyshield.gov\/list\" target=\"_blank\" rel=\"noreferrer noopener\">EU-US-Privacy-Shield<\/a> besitzen, das die Einhaltung europ\u00e4ischer Datenschutzstandards garantiert.<\/p>\n<\/div><\/div><\/div>\n\n <div class=\"container  post_type__post\"><div class=\"row mb-3\"><div class=\"col-12 col-lg-8 offset-lg-2\">\t\n<h3 class=\"wp-block-heading\">Mythos 4: Jede Datenerhebung braucht eine Einwilligung<\/h3>\n<\/div><\/div><\/div>\n\n <div class=\"container  post_type__post\"><div class=\"row mb-3\"><div class=\"col-12 col-lg-8 offset-lg-2\">\t\n<p>Eine Einwilligung ist nur dann erforderlich, wenn die Datenerhebung und -verarbeitung nicht ohnehin per Gesetz erlaubt ist und das ist der Fall, wenn etwa ein &#8220;berechtigtes Interesse&#8221; besteht. <\/p>\n<\/div><\/div><\/div>\n\n <div class=\"container  post_type__post\"><div class=\"row mb-3\"><div class=\"col-12 col-lg-8 offset-lg-2\">\t\n<p>Ein Beispiel: Die <a href=\"https:\/\/difue.de\/impressum\/\" target=\"_blank\" rel=\"noreferrer noopener\">DiF\u00fc-Kontaktdaten<\/a> sind f\u00fcr alle Besucher:innen dieser Website einsehbar &#8211; ohne, dass das DiF\u00fc-Team einwilligen muss. Denn es besteht ein berechtigtes Interesse seitens der Nutzer:innen, dass sie sich bei Fragen und Anmerkungen jederzeit an das DiF\u00fc-Team wenden k\u00f6nnen.<\/p>\n<\/div><\/div><\/div>\n\n <div class=\"container  post_type__post\"><div class=\"row mb-3\"><div class=\"col-12 col-lg-8 offset-lg-2\">\t\n<p>Auch in anderen Bereichen ist keine Einwilligung erforderlich: etwa wenn es Daten braucht, um einen Vertrag zu erf\u00fcllen und bereits eine Beziehung zwischen betroffener Person und Verantwortlichem besteht. <\/p>\n<\/div><\/div><\/div>\n\n <div class=\"container  post_type__post\"><div class=\"row mb-3\"><div class=\"col-12 col-lg-8 offset-lg-2\">\t\n<h3 class=\"wp-block-heading\">Mythos 5: Werbung ist ohne Einwilligung nicht gestattet<\/h3>\n<\/div><\/div><\/div>\n\n <div class=\"container  post_type__post\"><div class=\"row mb-3\"><div class=\"col-12 col-lg-8 offset-lg-2\">\t\n<p>Je nach Auslegung der DSGVO kann es zul\u00e4ssig sein, wenn Firmen ihren Bestandskund:innen E-Mail-Werbung ohne eine vorherige Einwilligung schicken &#8211; allerdings nur dann, wenn die Mails auch einen Hinweis auf das Widerspruchsrecht enthalten. Briefwerbung ist f\u00fcr Unternehmen grunds\u00e4tzlich ohne Einwilligung erlaubt. E-Mail-Werbung an Neukund:innen bedarf immer einer vorherigen Einwilligung.<\/p>\n<\/div><\/div><\/div>\n\n <div class=\"container  post_type__post\"><div class=\"row mb-3\"><div class=\"col-12 col-lg-8 offset-lg-2\">\t\n<h3 class=\"wp-block-heading\">Mythos 6: Man darf keine Menschen ohne Einwilligung fotografieren<\/h3>\n<\/div><\/div><\/div>\n\n <div class=\"container  post_type__post\"><div class=\"row mb-3\"><div class=\"col-12 col-lg-8 offset-lg-2\">\t\n<p>Auch Fotos von Menschen sind personenbezogene bzw. personenbeziehbare Daten. Deshalb gilt auch hier grunds\u00e4tzlich die DSGVO. Es braucht allerdings keine Einwilligung f\u00fcr das Erstellen und Verarbeiten von Fotos, wenn dies ausschlie\u00dflich im pers\u00f6nlichen oder famili\u00e4ren Rahmen geschieht. Urlaubsfotos f\u00fcr den &#8220;Hausgebrauch&#8221;, die fremde Menschen zeigen, sind also nach wie vor erlaubt &#8211; eine Ver\u00f6ffentlichung, z.B. bei Facebook oder Instagram, ist ebenfalls rechtens.<\/p>\n<\/div><\/div><\/div>\n\n <div class=\"container  post_type__post\"><div class=\"row mb-3\"><div class=\"col-12 col-lg-8 offset-lg-2\">\t\n<p>Spielraum gibt es auch bei Fotos mit vielen Menschen, etwa von Demonstrationen oder Festivals. Wenn die Erstellung und Ver\u00f6ffentlichung f\u00fcr journalistische, wissenschaftliche, k\u00fcnstlerische oder literarische Zwecken erfolgt, kann das als Ausnahme von den Verarbeitungsgrunds\u00e4tzen nach DSGVO gewertet und dadurch erlaubt werden.<\/p>\n<\/div><\/div><\/div>\n\n <div class=\"container  post_type__post\"><div class=\"row mb-3\"><div class=\"col-12 col-lg-8 offset-lg-2\">\t\n<h3 class=\"wp-block-heading\">Mythos 7: DSGVO-Verst\u00f6\u00dfe kosten Unternehmen bis zu 20 Millionen Euro Strafe<\/h3>\n<\/div><\/div><\/div>\n\n <div class=\"container  post_type__post\"><div class=\"row mb-3\"><div class=\"col-12 col-lg-8 offset-lg-2\">\t\n<p>Tats\u00e4chlich sind f\u00fcr Unternehmen Strafen von bis zu 20 Millionen Euro oder bis zu vier Prozent des Jahresumsatzes vorgesehen, sollten sie gegen die DSGVO versto\u00dfen. Aber die Beh\u00f6rden haben hier in der Regel einen gro\u00dfen Spielraum und gehen mit Augenma\u00df vor &#8211; der Maximalrahmen gilt also eher als Abschreckung. Deutschland verh\u00e4ngt gegen \u00f6ffentliche Stellen sogar grunds\u00e4tzlich keine Bu\u00dfgelder nach DSGVO.<\/p>\n<\/div><\/div><\/div>\n\n <div class=\"container  post_type__post\"><div class=\"row mb-3\"><div class=\"col-12 col-lg-8 offset-lg-2\">\t\n<p>Oftmals umgehen Unternehmen eine Strafe, wenn sie den Versto\u00df zeitnah beheben. Die Gesamtsumme der verh\u00e4ngten Bu\u00dfgelder ist 2021 zwar nach oben geschellt. Das liegt aber besonders an zwei einzelnen Strafen, n\u00e4mlich gegen Amazon und WhatsApp in H\u00f6he von jeweils 746 bzw. 225 Millionen Euro. <\/p>\n<\/div><\/div><\/div>\n\n <div class=\"container  post_type__post\"><div class=\"row mb-3\"><div class=\"col-12 col-lg-8 offset-lg-2\">\t\n<figure class=\"wp-block-image\"><a href=\"http:\/\/cdn.statcdn.com\/Infographic\/images\/normal\/26629.jpeg\"><img decoding=\"async\" src=\"http:\/\/cdn.statcdn.com\/Infographic\/images\/normal\/26629.jpeg\" alt=\"Infografik: DSGVO-Bu\u00dfgelder knacken 2021 die Milliardengrenze | Statista\"\/><\/a><figcaption>Hohe Bu\u00dfgelder gegen Amazon und WhatsApp lie\u00dfen die Summe der Strafzahlungen in 2021 nach oben schellen. Bild: Statista<\/figcaption><\/figure>\n<\/div><\/div><\/div>\n\n <div class=\"container  post_type__post\"><div class=\"row mb-3\"><div class=\"col-12 col-lg-8 offset-lg-2\">\t\n<h3 class=\"wp-block-heading\">Mythos 8: Jedes Unternehmen muss eine:n Datenschutzbeauftragte:n ernennen<\/h3>\n<\/div><\/div><\/div>\n\n <div class=\"container  post_type__post\"><div class=\"row mb-3\"><div class=\"col-12 col-lg-8 offset-lg-2\">\t\n<p>Die Ernennung einer datenschutzbeauftragten Person ist abh\u00e4ngig von der Unternehmensgr\u00f6\u00dfe. Pflicht ist sie erst dann, wenn mindestens zehn Mitarbeitende in ihrer Kernt\u00e4tigkeit pers\u00f6nliche Daten verarbeiten &#8211; egal, ob in Teil- oder Vollzeit. Auch muss eine datenschutzbeauftragte Person nicht zwingend im Unternehmen arbeiten, externe Dienstleister sind ebenso erlaubt.<\/p>\n<\/div><\/div><\/div>\n\n <div class=\"container  post_type__post\"><div class=\"row mb-3\"><div class=\"col-12 col-lg-8 offset-lg-2\">\t\n<p>Tats\u00e4chlich kann die Pflicht aber auch bei kleineren Unternehmen greifen, n\u00e4mlich dann, wenn die verarbeiteten Daten als besonders sensibel gelten (z.B. Angaben zur Gesundheit, sexuellen Orientierung oder religi\u00f6sen \u00dcberzeugung) oder wenn die Daten an Dritte \u00fcbermittelt werden, etwa zu Forschungszwecken.<\/p>\n<\/div><\/div><\/div>\n\n <div class=\"container  post_type__post\"><div class=\"row mb-3\"><div class=\"col-12 col-lg-8 offset-lg-2\">\t\n<h3 class=\"wp-block-heading\">Mythos 9: Cookies d\u00fcrfen erst nach Zustimmung der Besucher:innen gesetzt werden<\/h3>\n<\/div><\/div><\/div>\n\n\n<section class=\"block__text_with_info_box mb-6\">\n\t<div class=\"container\">\n\t\t<div class=\"row mb-3 mb-lg-7\">\n\t\t\t<div class=\"col-12 col-lg-8 offset-lg-2\">\n\n\t\t\t\t<div class=\"block__text_with_info_box__content_wrapper\">\n\n\t\t\t\t\t<div class=\"block__text_with_info_box__info_box_wrapper col-12 col-lg-6 float-lg-start pb-4\">\n\t\t\t\t\t\t<div class=\"block__text_with_info_box__info_box p-4\">\n\t\t\t\t\t\t\t\t\t\t\t\t\t\t\t<div class=\"h3\">Was sind Cookies?<\/div>\n\t\t\t\t\t\t\t\t\t\t\t\t\t\t<div class=\"block__text_with_info_box__text_wrapper\">\n\t\t\t\t\t\t\t\t<p>Bei Website-Cookies handelt es sich um Datenpakete in Form von Textdateien. Sie werden von Websites und Browsern erzeugt und beispielsweise auf dem eigenen Rechner gespeichert. Sie enthalten Informationen \u00fcber die Website-Besucher:innen und werden beim wiederholten Aufrufen der Website zur\u00fcckgesendet. Die Website &#8220;erinnert&#8221; sich damit an uns, und kann etwa Login-Daten vorausf\u00fcllen oder Informationen zu Spracheinstellungen sowie Artikel in Warenk\u00f6rben wiederherstellen.<\/p>\n\t\t\t\t\t\t\t<\/div>\n\t\t\t\t\t\t<\/div>\n\t\t\t\t\t<\/div>\n\t\t\t\t\t<p><!-- wp:paragraph --><\/p>\n<p>Nicht alle <a href=\"https:\/\/difue.de\/news\/cookies-anlicken\/\" target=\"_blank\" rel=\"noopener\">Cookies<\/a> ben\u00f6tigen laut DSGVO eine vorherige Zustimmung der Website-Besucher:innen. Das betrifft Cookies, die f\u00fcr den Betrieb einer Website essenziell sind. Dazu z\u00e4hlen etwa Login-Cookies, die die Information enthalten, dass Besucher:innen in einem Website-Bereich eingeloggt sind.<\/p>\n<p>&nbsp;<\/p>\n<p>Andernfalls m\u00fcssten sich Nutzer:innen bei jedem Seitenwechsel neu anmelden. Gleiches gilt f\u00fcr Warenkorb-Cookies. Die stellen bei Online-Shops sicher, dass die Artikel nicht aus dem Warenkorb verschwinden, wenn Kund:innen beispielsweise auf die Zahlungsseite weitergeleitet werden.<\/p>\n<p>&nbsp;<\/p>\n<p>Anders ist dies bei Tracking-, Analyse- und Marketing-Cookies. Sie sind f\u00fcr den Website-Betrieb nicht essenziell und d\u00fcrfen erst dann aktiviert werden, wenn Seitenbesucher:innen der Verwendung aktiv zustimmen &#8211; in der Regel erfolgt diese Zustimmung \u00fcber einen Cookie-Banner.<\/p>\n<p><!-- \/wp:paragraph --><\/p>\n\n\t\t\t\t<\/div>\n\n\t\t\t<\/div>\n\t\t<\/div>\n\t<\/div>\n<\/section>\n\n\n <div class=\"container  post_type__post\"><div class=\"row mb-3\"><div class=\"col-12 col-lg-8 offset-lg-2\">\t\n<h3 class=\"wp-block-heading\"><strong><em>Wichtiger Hinweis:<\/em><\/strong><\/h3>\n<\/div><\/div><\/div>\n\n <div class=\"container  post_type__post\"><div class=\"row mb-3\"><div class=\"col-12 col-lg-8 offset-lg-2\">\t\n<p><em>Bei diesem Artikel handelt es sich um keine Rechtsberatung. Die bereitgestellten Informationen wurden nach bestem Wissen und Gewissen zusammengetragen, dennoch kann keine Gew\u00e4hr f\u00fcr die Richtigkeit, Vollst\u00e4ndigkeit oder Aktualit\u00e4t gegeben und \u00fcbernommen werden. <\/em><\/p>\n<\/div><\/div><\/div>","protected":false},"excerpt":{"rendered":"<p>Die Datenschutzgrundverordnung, kurz DSGVO oder DS-GVO regelt seit dem 24. Mai 2016, wie Unternehmen mit den pers\u00f6nlichen Daten umgehen d\u00fcrfen, [&hellip;]<\/p>\n","protected":false},"author":2842,"featured_media":0,"comment_status":"open","ping_status":"open","sticky":false,"template":"","format":"standard","meta":{"_acf_changed":false,"inline_featured_image":false,"footnotes":""},"categories":[8,3],"tags":[46,96,92,67,100,93],"class_list":["post-18333","post","type-post","status-publish","format-standard","hentry","category-datenwelt","category-technologiealltag","tag-datenschutz","tag-datenschutzgrundverordnung","tag-dsgvo","tag-internet","tag-persoenliche-daten","tag-privatsphaere"],"acf":{"show_similar_posts":"Ja","similar_posts":[17973,19762,20303,29283,30255],"sleeve":"","kicker":"Datenschutz-Irrt\u00fcmer","bild":18682,"bildunterschrift":"Um die Datenschutzgrundverordnung ranken sich nach wie vor viele Irrt\u00fcmer.","anreisser":"Die Datenschutzgrundverordnung feiert Ende Mai ihr vierj\u00e4hriges Anwendungs-Jubil\u00e4um. Noch immer ranken sich aber viele Mythen um die DSGVO. Wir nehmen den Geburtstag zum Anlass, um ein f\u00fcr alle Mal mit den gr\u00f6\u00dften Irrt\u00fcmern aufzur\u00e4umen.","podcast":"","video":""},"yoast_head":"<!-- This site is optimized with the Yoast SEO Premium plugin v22.4 (Yoast SEO v24.7) - https:\/\/yoast.com\/wordpress\/plugins\/seo\/ -->\n<title>9 Mythen rund um die DSGVO<\/title>\n<meta name=\"description\" content=\"Wir nehmen den DSGVO-Geburtstag zum Anlass, um ein f\u00fcr alle Mal mit den 9 gr\u00f6\u00dften Irrt\u00fcmern der Datenschutzgrundverordnung aufzur\u00e4umen.\" \/>\n<meta name=\"robots\" content=\"index, follow, max-snippet:-1, max-image-preview:large, max-video-preview:-1\" \/>\n<link rel=\"canonical\" href=\"https:\/\/difue.de\/en\/news\/datenwelt\/datenschutz-dsgvo-9-mythen\/\" \/>\n<meta property=\"og:locale\" content=\"en_US\" \/>\n<meta property=\"og:type\" content=\"article\" \/>\n<meta property=\"og:title\" content=\"9 Mythen rund um die DSGVO\" \/>\n<meta property=\"og:description\" content=\"Wir nehmen den DSGVO-Geburtstag zum Anlass, um ein f\u00fcr alle Mal mit den 9 gr\u00f6\u00dften Irrt\u00fcmern der Datenschutzgrundverordnung aufzur\u00e4umen.\" \/>\n<meta property=\"og:url\" content=\"https:\/\/difue.de\/en\/news\/datenwelt\/datenschutz-dsgvo-9-mythen\/\" \/>\n<meta property=\"og:site_name\" content=\"Digitalf\u00fchrerschein (DiF\u00fc)\" \/>\n<meta property=\"article:publisher\" content=\"https:\/\/www.facebook.com\/people\/DsiN-Digitalf%c3%bchrerschein-DiF%c3%bc\/100079074183260\/\" \/>\n<meta property=\"article:published_time\" content=\"2022-05-25T09:02:03+00:00\" \/>\n<meta property=\"article:modified_time\" content=\"2022-05-25T10:26:41+00:00\" \/>\n<meta property=\"og:image\" content=\"https:\/\/difue.de\/app\/uploads\/2022\/05\/eu-g569be71bf_1920.jpg\" \/><meta property=\"og:image:width\" content=\"1920\" \/><meta property=\"og:image:height\" content=\"1080\" \/><meta property=\"og:image:type\" content=\"image\/jpeg\" \/>\n<meta name=\"author\" content=\"Manfred Rump\" \/>\n<meta name=\"twitter:card\" content=\"summary_large_image\" \/>\n<meta name=\"twitter:label1\" content=\"Written by\" \/>\n\t<meta name=\"twitter:data1\" content=\"Manfred Rump\" \/>\n\t<meta name=\"twitter:label2\" content=\"Est. reading time\" \/>\n\t<meta name=\"twitter:data2\" content=\"6 minutes\" \/>\n<script type=\"application\/ld+json\" class=\"yoast-schema-graph\">{\"@context\":\"https:\/\/schema.org\",\"@graph\":[{\"@type\":\"Article\",\"@id\":\"https:\/\/difue.de\/en\/news\/datenwelt\/datenschutz-dsgvo-9-mythen\/#article\",\"isPartOf\":{\"@id\":\"https:\/\/difue.de\/en\/news\/datenwelt\/datenschutz-dsgvo-9-mythen\/\"},\"author\":{\"name\":\"Manfred Rump\",\"@id\":\"https:\/\/difue.de\/en\/#\/schema\/person\/7ddbd0a4f5023f4ccf84b0aea801eccb\"},\"headline\":\"9 Mythen rund um die DSGVO\",\"datePublished\":\"2022-05-25T09:02:03+00:00\",\"dateModified\":\"2022-05-25T10:26:41+00:00\",\"mainEntityOfPage\":{\"@id\":\"https:\/\/difue.de\/en\/news\/datenwelt\/datenschutz-dsgvo-9-mythen\/\"},\"wordCount\":1086,\"commentCount\":0,\"publisher\":{\"@id\":\"https:\/\/difue.de\/en\/#organization\"},\"image\":{\"@id\":\"https:\/\/difue.de\/en\/news\/datenwelt\/datenschutz-dsgvo-9-mythen\/#primaryimage\"},\"thumbnailUrl\":\"http:\/\/cdn.statcdn.com\/Infographic\/images\/normal\/26629.jpeg\",\"keywords\":[\"Datenschutz\",\"Datenschutzgrundverordnung\",\"DSGVO\",\"Internet\",\"pers\u00f6nliche Daten\",\"Privatsph\u00e4re\"],\"articleSection\":[\"Datenwelt\",\"Technologiealltag\"],\"inLanguage\":\"en-US\"},{\"@type\":\"WebPage\",\"@id\":\"https:\/\/difue.de\/en\/news\/datenwelt\/datenschutz-dsgvo-9-mythen\/\",\"url\":\"https:\/\/difue.de\/en\/news\/datenwelt\/datenschutz-dsgvo-9-mythen\/\",\"name\":\"9 Mythen rund um die DSGVO\",\"isPartOf\":{\"@id\":\"https:\/\/difue.de\/en\/#website\"},\"primaryImageOfPage\":{\"@id\":\"https:\/\/difue.de\/en\/news\/datenwelt\/datenschutz-dsgvo-9-mythen\/#primaryimage\"},\"image\":{\"@id\":\"https:\/\/difue.de\/en\/news\/datenwelt\/datenschutz-dsgvo-9-mythen\/#primaryimage\"},\"thumbnailUrl\":\"http:\/\/cdn.statcdn.com\/Infographic\/images\/normal\/26629.jpeg\",\"datePublished\":\"2022-05-25T09:02:03+00:00\",\"dateModified\":\"2022-05-25T10:26:41+00:00\",\"description\":\"Wir nehmen den DSGVO-Geburtstag zum Anlass, um ein f\u00fcr alle Mal mit den 9 gr\u00f6\u00dften Irrt\u00fcmern der Datenschutzgrundverordnung aufzur\u00e4umen.\",\"breadcrumb\":{\"@id\":\"https:\/\/difue.de\/en\/news\/datenwelt\/datenschutz-dsgvo-9-mythen\/#breadcrumb\"},\"inLanguage\":\"en-US\",\"potentialAction\":[{\"@type\":\"ReadAction\",\"target\":[\"https:\/\/difue.de\/en\/news\/datenwelt\/datenschutz-dsgvo-9-mythen\/\"]}]},{\"@type\":\"ImageObject\",\"inLanguage\":\"en-US\",\"@id\":\"https:\/\/difue.de\/en\/news\/datenwelt\/datenschutz-dsgvo-9-mythen\/#primaryimage\",\"url\":\"http:\/\/cdn.statcdn.com\/Infographic\/images\/normal\/26629.jpeg\",\"contentUrl\":\"http:\/\/cdn.statcdn.com\/Infographic\/images\/normal\/26629.jpeg\"},{\"@type\":\"BreadcrumbList\",\"@id\":\"https:\/\/difue.de\/en\/news\/datenwelt\/datenschutz-dsgvo-9-mythen\/#breadcrumb\",\"itemListElement\":[{\"@type\":\"ListItem\",\"position\":1,\"name\":\"Startseite\",\"item\":\"https:\/\/difue.de\/en\/startseite\/\"},{\"@type\":\"ListItem\",\"position\":2,\"name\":\"9 Mythen rund um die DSGVO\"}]},{\"@type\":\"WebSite\",\"@id\":\"https:\/\/difue.de\/en\/#website\",\"url\":\"https:\/\/difue.de\/en\/\",\"name\":\"Digitalf\u00fchrerschein (DiF\u00fc)\",\"description\":\"\",\"publisher\":{\"@id\":\"https:\/\/difue.de\/en\/#organization\"},\"potentialAction\":[{\"@type\":\"SearchAction\",\"target\":{\"@type\":\"EntryPoint\",\"urlTemplate\":\"https:\/\/difue.de\/en\/?s={search_term_string}\"},\"query-input\":{\"@type\":\"PropertyValueSpecification\",\"valueRequired\":true,\"valueName\":\"search_term_string\"}}],\"inLanguage\":\"en-US\"},{\"@type\":\"Organization\",\"@id\":\"https:\/\/difue.de\/en\/#organization\",\"name\":\"Digitalf\u00fchrerschein (DiF\u00fc)\",\"url\":\"https:\/\/difue.de\/en\/\",\"logo\":{\"@type\":\"ImageObject\",\"inLanguage\":\"en-US\",\"@id\":\"https:\/\/difue.de\/en\/#\/schema\/logo\/image\/\",\"url\":\"https:\/\/difue.de\/app\/uploads\/2021\/09\/difue-logo.svg\",\"contentUrl\":\"https:\/\/difue.de\/app\/uploads\/2021\/09\/difue-logo.svg\",\"width\":200,\"height\":149,\"caption\":\"Digitalf\u00fchrerschein (DiF\u00fc)\"},\"image\":{\"@id\":\"https:\/\/difue.de\/en\/#\/schema\/logo\/image\/\"},\"sameAs\":[\"https:\/\/www.facebook.com\/people\/DsiN-Digitalf\u00fchrerschein-DiF\u00fc\/100079074183260\/\",\"https:\/\/www.instagram.com\/dsin_digitalfuehrerschein\/\"]},{\"@type\":\"Person\",\"@id\":\"https:\/\/difue.de\/en\/#\/schema\/person\/7ddbd0a4f5023f4ccf84b0aea801eccb\",\"name\":\"Manfred Rump\",\"image\":{\"@type\":\"ImageObject\",\"inLanguage\":\"en-US\",\"@id\":\"https:\/\/difue.de\/en\/#\/schema\/person\/image\/\",\"url\":\"https:\/\/secure.gravatar.com\/avatar\/a2eb2b768f8bf7eec0ed300ad86980d7262a78869dadd41c2ed94e60c1c54686?s=96&d=mm&r=g\",\"contentUrl\":\"https:\/\/secure.gravatar.com\/avatar\/a2eb2b768f8bf7eec0ed300ad86980d7262a78869dadd41c2ed94e60c1c54686?s=96&d=mm&r=g\",\"caption\":\"Manfred Rump\"}}]}<\/script>\n<!-- \/ Yoast SEO Premium plugin. -->","yoast_head_json":{"title":"9 Mythen rund um die DSGVO","description":"Wir nehmen den DSGVO-Geburtstag zum Anlass, um ein f\u00fcr alle Mal mit den 9 gr\u00f6\u00dften Irrt\u00fcmern der Datenschutzgrundverordnung aufzur\u00e4umen.","robots":{"index":"index","follow":"follow","max-snippet":"max-snippet:-1","max-image-preview":"max-image-preview:large","max-video-preview":"max-video-preview:-1"},"canonical":"https:\/\/difue.de\/en\/news\/datenwelt\/datenschutz-dsgvo-9-mythen\/","og_locale":"en_US","og_type":"article","og_title":"9 Mythen rund um die DSGVO","og_description":"Wir nehmen den DSGVO-Geburtstag zum Anlass, um ein f\u00fcr alle Mal mit den 9 gr\u00f6\u00dften Irrt\u00fcmern der Datenschutzgrundverordnung aufzur\u00e4umen.","og_url":"https:\/\/difue.de\/en\/news\/datenwelt\/datenschutz-dsgvo-9-mythen\/","og_site_name":"Digitalf\u00fchrerschein (DiF\u00fc)","article_publisher":"https:\/\/www.facebook.com\/people\/DsiN-Digitalf%c3%bchrerschein-DiF%c3%bc\/100079074183260\/","article_published_time":"2022-05-25T09:02:03+00:00","article_modified_time":"2022-05-25T10:26:41+00:00","author":"Manfred Rump","twitter_card":"summary_large_image","twitter_misc":{"Written by":"Manfred Rump","Est. reading time":"6 minutes"},"schema":{"@context":"https:\/\/schema.org","@graph":[{"@type":"Article","@id":"https:\/\/difue.de\/en\/news\/datenwelt\/datenschutz-dsgvo-9-mythen\/#article","isPartOf":{"@id":"https:\/\/difue.de\/en\/news\/datenwelt\/datenschutz-dsgvo-9-mythen\/"},"author":{"name":"Manfred Rump","@id":"https:\/\/difue.de\/en\/#\/schema\/person\/7ddbd0a4f5023f4ccf84b0aea801eccb"},"headline":"9 Mythen rund um die DSGVO","datePublished":"2022-05-25T09:02:03+00:00","dateModified":"2022-05-25T10:26:41+00:00","mainEntityOfPage":{"@id":"https:\/\/difue.de\/en\/news\/datenwelt\/datenschutz-dsgvo-9-mythen\/"},"wordCount":1086,"commentCount":0,"publisher":{"@id":"https:\/\/difue.de\/en\/#organization"},"image":{"@id":"https:\/\/difue.de\/en\/news\/datenwelt\/datenschutz-dsgvo-9-mythen\/#primaryimage"},"thumbnailUrl":"http:\/\/cdn.statcdn.com\/Infographic\/images\/normal\/26629.jpeg","keywords":["Datenschutz","Datenschutzgrundverordnung","DSGVO","Internet","pers\u00f6nliche Daten","Privatsph\u00e4re"],"articleSection":["Datenwelt","Technologiealltag"],"inLanguage":"en-US"},{"@type":"WebPage","@id":"https:\/\/difue.de\/en\/news\/datenwelt\/datenschutz-dsgvo-9-mythen\/","url":"https:\/\/difue.de\/en\/news\/datenwelt\/datenschutz-dsgvo-9-mythen\/","name":"9 Mythen rund um die DSGVO","isPartOf":{"@id":"https:\/\/difue.de\/en\/#website"},"primaryImageOfPage":{"@id":"https:\/\/difue.de\/en\/news\/datenwelt\/datenschutz-dsgvo-9-mythen\/#primaryimage"},"image":{"@id":"https:\/\/difue.de\/en\/news\/datenwelt\/datenschutz-dsgvo-9-mythen\/#primaryimage"},"thumbnailUrl":"http:\/\/cdn.statcdn.com\/Infographic\/images\/normal\/26629.jpeg","datePublished":"2022-05-25T09:02:03+00:00","dateModified":"2022-05-25T10:26:41+00:00","description":"Wir nehmen den DSGVO-Geburtstag zum Anlass, um ein f\u00fcr alle Mal mit den 9 gr\u00f6\u00dften Irrt\u00fcmern der Datenschutzgrundverordnung aufzur\u00e4umen.","breadcrumb":{"@id":"https:\/\/difue.de\/en\/news\/datenwelt\/datenschutz-dsgvo-9-mythen\/#breadcrumb"},"inLanguage":"en-US","potentialAction":[{"@type":"ReadAction","target":["https:\/\/difue.de\/en\/news\/datenwelt\/datenschutz-dsgvo-9-mythen\/"]}]},{"@type":"ImageObject","inLanguage":"en-US","@id":"https:\/\/difue.de\/en\/news\/datenwelt\/datenschutz-dsgvo-9-mythen\/#primaryimage","url":"http:\/\/cdn.statcdn.com\/Infographic\/images\/normal\/26629.jpeg","contentUrl":"http:\/\/cdn.statcdn.com\/Infographic\/images\/normal\/26629.jpeg"},{"@type":"BreadcrumbList","@id":"https:\/\/difue.de\/en\/news\/datenwelt\/datenschutz-dsgvo-9-mythen\/#breadcrumb","itemListElement":[{"@type":"ListItem","position":1,"name":"Startseite","item":"https:\/\/difue.de\/en\/startseite\/"},{"@type":"ListItem","position":2,"name":"9 Mythen rund um die DSGVO"}]},{"@type":"WebSite","@id":"https:\/\/difue.de\/en\/#website","url":"https:\/\/difue.de\/en\/","name":"Digitalf\u00fchrerschein (DiF\u00fc)","description":"","publisher":{"@id":"https:\/\/difue.de\/en\/#organization"},"potentialAction":[{"@type":"SearchAction","target":{"@type":"EntryPoint","urlTemplate":"https:\/\/difue.de\/en\/?s={search_term_string}"},"query-input":{"@type":"PropertyValueSpecification","valueRequired":true,"valueName":"search_term_string"}}],"inLanguage":"en-US"},{"@type":"Organization","@id":"https:\/\/difue.de\/en\/#organization","name":"Digitalf\u00fchrerschein (DiF\u00fc)","url":"https:\/\/difue.de\/en\/","logo":{"@type":"ImageObject","inLanguage":"en-US","@id":"https:\/\/difue.de\/en\/#\/schema\/logo\/image\/","url":"https:\/\/difue.de\/app\/uploads\/2021\/09\/difue-logo.svg","contentUrl":"https:\/\/difue.de\/app\/uploads\/2021\/09\/difue-logo.svg","width":200,"height":149,"caption":"Digitalf\u00fchrerschein (DiF\u00fc)"},"image":{"@id":"https:\/\/difue.de\/en\/#\/schema\/logo\/image\/"},"sameAs":["https:\/\/www.facebook.com\/people\/DsiN-Digitalf\u00fchrerschein-DiF\u00fc\/100079074183260\/","https:\/\/www.instagram.com\/dsin_digitalfuehrerschein\/"]},{"@type":"Person","@id":"https:\/\/difue.de\/en\/#\/schema\/person\/7ddbd0a4f5023f4ccf84b0aea801eccb","name":"Manfred Rump","image":{"@type":"ImageObject","inLanguage":"en-US","@id":"https:\/\/difue.de\/en\/#\/schema\/person\/image\/","url":"https:\/\/secure.gravatar.com\/avatar\/a2eb2b768f8bf7eec0ed300ad86980d7262a78869dadd41c2ed94e60c1c54686?s=96&d=mm&r=g","contentUrl":"https:\/\/secure.gravatar.com\/avatar\/a2eb2b768f8bf7eec0ed300ad86980d7262a78869dadd41c2ed94e60c1c54686?s=96&d=mm&r=g","caption":"Manfred Rump"}}]}},"_links":{"self":[{"href":"https:\/\/difue.de\/en\/wp-json\/wp\/v2\/posts\/18333","targetHints":{"allow":["GET"]}}],"collection":[{"href":"https:\/\/difue.de\/en\/wp-json\/wp\/v2\/posts"}],"about":[{"href":"https:\/\/difue.de\/en\/wp-json\/wp\/v2\/types\/post"}],"author":[{"embeddable":true,"href":"https:\/\/difue.de\/en\/wp-json\/wp\/v2\/users\/2842"}],"replies":[{"embeddable":true,"href":"https:\/\/difue.de\/en\/wp-json\/wp\/v2\/comments?post=18333"}],"version-history":[{"count":0,"href":"https:\/\/difue.de\/en\/wp-json\/wp\/v2\/posts\/18333\/revisions"}],"acf:post":[{"embeddable":true,"href":"https:\/\/difue.de\/en\/wp-json\/wp\/v2\/posts\/30255"},{"embeddable":true,"href":"https:\/\/difue.de\/en\/wp-json\/wp\/v2\/posts\/29283"},{"embeddable":true,"href":"https:\/\/difue.de\/en\/wp-json\/wp\/v2\/posts\/20303"},{"embeddable":true,"href":"https:\/\/difue.de\/en\/wp-json\/wp\/v2\/posts\/19762"},{"embeddable":true,"href":"https:\/\/difue.de\/en\/wp-json\/wp\/v2\/posts\/17973"}],"wp:attachment":[{"href":"https:\/\/difue.de\/en\/wp-json\/wp\/v2\/media?parent=18333"}],"wp:term":[{"taxonomy":"category","embeddable":true,"href":"https:\/\/difue.de\/en\/wp-json\/wp\/v2\/categories?post=18333"},{"taxonomy":"post_tag","embeddable":true,"href":"https:\/\/difue.de\/en\/wp-json\/wp\/v2\/tags?post=18333"}],"curies":[{"name":"wp","href":"https:\/\/api.w.org\/{rel}","templated":true}]}}