{"id":18383,"date":"2022-05-23T11:17:41","date_gmt":"2022-05-23T09:17:41","guid":{"rendered":"https:\/\/difue.de\/?p=18383"},"modified":"2022-10-06T16:29:42","modified_gmt":"2022-10-06T14:29:42","slug":"deutschland-ist-gegen-messenger-ueberwachung","status":"publish","type":"post","link":"https:\/\/difue.de\/en\/news\/kommunikation\/deutschland-ist-gegen-messenger-ueberwachung\/","title":{"rendered":"Deutschland ist gegen Messenger-\u00dcberwachung"},"content":{"rendered":" <div class=\"container  post_type__post\"><div class=\"row mb-3\"><div class=\"col-12 col-lg-8 offset-lg-2\">\t\n<p>Ein Gesetzesvorhaben der EU-Kommission zum Kampf gegen Kindesmissbrauch, das auch die \u00dcberwachung von Chatverl\u00e4ufen bei WhatsApp und Co. vorsieht, k\u00f6nnte am Widerstand aus Deutschland scheitern. Innenministerin Faeser (SPD) stellt sich nach anf\u00e4nglicher Zustimmung nun doch gegen die \u00dcberwachungsma\u00dfnahme.<\/p>\n<\/div><\/div><\/div>\n\n <div class=\"container  post_type__post\"><div class=\"row mb-3\"><div class=\"col-12 col-lg-8 offset-lg-2\">\t\n<p>Hintergrund f\u00fcr die Abh\u00f6r-Pl\u00e4ne ist der Versuch, Kindesmissbrauch im Netz effektiver als bisher zu bek\u00e4mpfen. Daf\u00fcr hat die EU-Kommission Mitte Mai einen <a href=\"https:\/\/difue.de\/news\/kommunikation\/eu-will-ueberwachung-von-whatsapp-und-co\/\" target=\"_blank\" rel=\"noreferrer noopener\">Gesetzesvorschlag pr\u00e4sentiert<\/a>, der unter anderem die anlasslose \u00dcberwachung von Chat-Diensten mithilfe von KI-Technologie vorsieht &#8211; darunter auch verschl\u00fcsselte Kommunikation etwa von WhatsApp, Signal oder Telegram.<\/p>\n<\/div><\/div><\/div>\n\n <div class=\"container  post_type__post\"><div class=\"row mb-3\"><div class=\"col-12 col-lg-8 offset-lg-2\">\t\n<h3 class=\"wp-block-heading\">Faeser schlie\u00dft sich Kritik an<\/h3>\n<\/div><\/div><\/div>\n\n <div class=\"container  post_type__post\"><div class=\"row mb-3\"><div class=\"col-12 col-lg-8 offset-lg-2\">\t\n<p>Gegen das Vorhaben hatte es massive Kritik von B\u00fcrgerrechtlern und Datensch\u00fctzern gegeben. Jetzt hat sich laut einer dpa-Meldung auch Bundesinnenministerin Faeser dagegen gestellt. Sie sei f\u00fcr ein hartes Durchgreifen gegen Kindesmissbrauch auch auf europ\u00e4ischer Ebene, sagte sie der Zeitung Bild am Sonntag. Ein gro\u00dffl\u00e4chiger Eingriff in verschl\u00fcsselte private Kommunikation gehe aber zu weit.<\/p>\n<\/div><\/div><\/div>\n\n <div class=\"container  post_type__post\"><div class=\"row mb-3\"><div class=\"col-12 col-lg-8 offset-lg-2\">\t\n<p>Diese Form der \u00dcberwachung sei nicht vereinbar mit grundlegenden Freiheitsrechten und gehe zudem am Ziel vorbei, weil Missbrauchsdarstellungen vor allem in Internetforen und auf Darknet-Plattformen verbreitet w\u00fcrden und nicht \u00fcber private Messenger-Chats. <\/p>\n<\/div><\/div><\/div>\n\n <div class=\"container  post_type__post\"><div class=\"row mb-3\"><div class=\"col-12 col-lg-8 offset-lg-2\">\t\n<p>Damit greift die Innenministerin die Kritik auf, die unter anderem der Kinderschutzbund an der geplanten Ma\u00dfnahme ge\u00e4u\u00dfert hatte. Auch Bundesjustizminister Marco Buschmann und Digitalminister Volker Wissing (beide FDP) sind gegen das Vorhaben in seiner jetzigen Form.<\/p>\n<\/div><\/div><\/div>\n\n <div class=\"container  post_type__post\"><div class=\"row mb-3\"><div class=\"col-12 col-lg-8 offset-lg-2\">\t\n<p>Bevor ein Gesetzesvorhaben wie dieses in Kraft treten kann, m\u00fcssen das EU-Parlament und die Mitgliedsstaaten zustimmen. Deutschland wird seine Zustimmung im Rat offenbar nicht geben. Denkbar ist, dass das Gesetz in abge\u00e4nderter Form ohne die geplante Messenger-\u00dcberwachung in Kraft treten wird.<\/p>\n<\/div><\/div><\/div>","protected":false},"excerpt":{"rendered":"<p>Ein Gesetzesvorhaben der EU-Kommission zum Kampf gegen Kindesmissbrauch, das auch die \u00dcberwachung von Chatverl\u00e4ufen bei WhatsApp und Co. vorsieht, k\u00f6nnte [&hellip;]<\/p>\n","protected":false},"author":10,"featured_media":0,"comment_status":"open","ping_status":"open","sticky":false,"template":"","format":"standard","meta":{"_acf_changed":false,"inline_featured_image":false,"footnotes":""},"categories":[6],"tags":[46,213,132,93,231,232,212,133],"class_list":["post-18383","post","type-post","status-publish","format-standard","hentry","category-kommunikation","tag-datenschutz","tag-eu","tag-messenger","tag-privatsphaere","tag-signal","tag-telegram","tag-ueberwachung","tag-whatsapp"],"acf":{"show_similar_posts":"Ja","similar_posts":[17517,16636,17726,16835,17473],"sleeve":"","kicker":"EU-Pl\u00e4ne gegen Kindesmissbrauch","bild":18386,"bildunterschrift":"Nancy Faeser ist gegen Chat-Kontrolle: Private Chats sollen auch in Zukunft privat bleiben.","anreisser":"Bundesinnenministerin Nancy Faeser ist gegen die geplante anlasslose Massen\u00fcberwachung von Messengern wie WhatsApp und Co. Die SPD-Politikerin schlie\u00dft sich damit der breiten Kritik gegen das geplante EU-Gesetzespaket zum Kampf gegen Kindesmissbrauch im Netz an. ","podcast":"","video":""},"yoast_head":"<!-- This site is optimized with the Yoast SEO Premium plugin v22.4 (Yoast SEO v24.7) - https:\/\/yoast.com\/wordpress\/plugins\/seo\/ -->\n<title>Deutschland ist gegen Messenger-\u00dcberwachung &#8226; Digitalf\u00fchrerschein (DiF\u00fc)<\/title>\n<meta name=\"description\" content=\"Bundesinnenministerin Faeser ist gegen die \u00dcberwachung von WhatsApp und Co. Die EU-Pl\u00e4ne gegen Kindesmissbrauch im Netz gehen ihr zu weit.\" \/>\n<meta name=\"robots\" content=\"index, follow, max-snippet:-1, max-image-preview:large, max-video-preview:-1\" \/>\n<link rel=\"canonical\" href=\"https:\/\/difue.de\/en\/news\/kommunikation\/deutschland-ist-gegen-messenger-ueberwachung\/\" \/>\n<meta property=\"og:locale\" content=\"en_US\" \/>\n<meta property=\"og:type\" content=\"article\" \/>\n<meta property=\"og:title\" content=\"Deutschland ist gegen Messenger-\u00dcberwachung\" \/>\n<meta property=\"og:description\" content=\"Bundesinnenministerin Faeser ist gegen die \u00dcberwachung von WhatsApp und Co. Die EU-Pl\u00e4ne gegen Kindesmissbrauch im Netz gehen ihr zu weit.\" \/>\n<meta property=\"og:url\" content=\"https:\/\/difue.de\/en\/news\/kommunikation\/deutschland-ist-gegen-messenger-ueberwachung\/\" \/>\n<meta property=\"og:site_name\" content=\"Digitalf\u00fchrerschein (DiF\u00fc)\" \/>\n<meta property=\"article:publisher\" content=\"https:\/\/www.facebook.com\/people\/DsiN-Digitalf%c3%bchrerschein-DiF%c3%bc\/100079074183260\/\" \/>\n<meta property=\"article:published_time\" content=\"2022-05-23T09:17:41+00:00\" \/>\n<meta property=\"article:modified_time\" content=\"2022-10-06T14:29:42+00:00\" \/>\n<meta property=\"og:image\" content=\"https:\/\/difue.de\/app\/uploads\/2022\/05\/girl-geab4c8d1a_1920.jpg\" \/><meta property=\"og:image:width\" content=\"1920\" \/><meta property=\"og:image:height\" content=\"1314\" \/><meta property=\"og:image:type\" content=\"image\/jpeg\" \/>\n<meta name=\"author\" content=\"Johannes Wallat\" \/>\n<meta name=\"twitter:card\" content=\"summary_large_image\" \/>\n<meta name=\"twitter:label1\" content=\"Written by\" \/>\n\t<meta name=\"twitter:data1\" content=\"Johannes Wallat\" \/>\n\t<meta name=\"twitter:label2\" content=\"Est. reading time\" \/>\n\t<meta name=\"twitter:data2\" content=\"2 minutes\" \/>\n<script type=\"application\/ld+json\" class=\"yoast-schema-graph\">{\"@context\":\"https:\/\/schema.org\",\"@graph\":[{\"@type\":\"Article\",\"@id\":\"https:\/\/difue.de\/en\/news\/kommunikation\/deutschland-ist-gegen-messenger-ueberwachung\/#article\",\"isPartOf\":{\"@id\":\"https:\/\/difue.de\/en\/news\/kommunikation\/deutschland-ist-gegen-messenger-ueberwachung\/\"},\"author\":{\"name\":\"Johannes Wallat\",\"@id\":\"https:\/\/difue.de\/en\/#\/schema\/person\/e03bb0660a2aa2ce8b6d7d9631e9e30b\"},\"headline\":\"Deutschland ist gegen Messenger-\u00dcberwachung\",\"datePublished\":\"2022-05-23T09:17:41+00:00\",\"dateModified\":\"2022-10-06T14:29:42+00:00\",\"mainEntityOfPage\":{\"@id\":\"https:\/\/difue.de\/en\/news\/kommunikation\/deutschland-ist-gegen-messenger-ueberwachung\/\"},\"wordCount\":283,\"commentCount\":0,\"publisher\":{\"@id\":\"https:\/\/difue.de\/en\/#organization\"},\"keywords\":[\"Datenschutz\",\"EU\",\"Messenger\",\"Privatsph\u00e4re\",\"Signal\",\"Telegram\",\"\u00dcberwachung\",\"WhatsApp\"],\"articleSection\":[\"Kommunikation\"],\"inLanguage\":\"en-US\"},{\"@type\":\"WebPage\",\"@id\":\"https:\/\/difue.de\/en\/news\/kommunikation\/deutschland-ist-gegen-messenger-ueberwachung\/\",\"url\":\"https:\/\/difue.de\/en\/news\/kommunikation\/deutschland-ist-gegen-messenger-ueberwachung\/\",\"name\":\"Deutschland ist gegen Messenger-\u00dcberwachung &#8226; Digitalf\u00fchrerschein (DiF\u00fc)\",\"isPartOf\":{\"@id\":\"https:\/\/difue.de\/en\/#website\"},\"datePublished\":\"2022-05-23T09:17:41+00:00\",\"dateModified\":\"2022-10-06T14:29:42+00:00\",\"description\":\"Bundesinnenministerin Faeser ist gegen die \u00dcberwachung von WhatsApp und Co. Die EU-Pl\u00e4ne gegen Kindesmissbrauch im Netz gehen ihr zu weit.\",\"breadcrumb\":{\"@id\":\"https:\/\/difue.de\/en\/news\/kommunikation\/deutschland-ist-gegen-messenger-ueberwachung\/#breadcrumb\"},\"inLanguage\":\"en-US\",\"potentialAction\":[{\"@type\":\"ReadAction\",\"target\":[\"https:\/\/difue.de\/en\/news\/kommunikation\/deutschland-ist-gegen-messenger-ueberwachung\/\"]}]},{\"@type\":\"BreadcrumbList\",\"@id\":\"https:\/\/difue.de\/en\/news\/kommunikation\/deutschland-ist-gegen-messenger-ueberwachung\/#breadcrumb\",\"itemListElement\":[{\"@type\":\"ListItem\",\"position\":1,\"name\":\"Startseite\",\"item\":\"https:\/\/difue.de\/en\/startseite\/\"},{\"@type\":\"ListItem\",\"position\":2,\"name\":\"Deutschland ist gegen Messenger-\u00dcberwachung\"}]},{\"@type\":\"WebSite\",\"@id\":\"https:\/\/difue.de\/en\/#website\",\"url\":\"https:\/\/difue.de\/en\/\",\"name\":\"Digitalf\u00fchrerschein (DiF\u00fc)\",\"description\":\"\",\"publisher\":{\"@id\":\"https:\/\/difue.de\/en\/#organization\"},\"potentialAction\":[{\"@type\":\"SearchAction\",\"target\":{\"@type\":\"EntryPoint\",\"urlTemplate\":\"https:\/\/difue.de\/en\/?s={search_term_string}\"},\"query-input\":{\"@type\":\"PropertyValueSpecification\",\"valueRequired\":true,\"valueName\":\"search_term_string\"}}],\"inLanguage\":\"en-US\"},{\"@type\":\"Organization\",\"@id\":\"https:\/\/difue.de\/en\/#organization\",\"name\":\"Digitalf\u00fchrerschein (DiF\u00fc)\",\"url\":\"https:\/\/difue.de\/en\/\",\"logo\":{\"@type\":\"ImageObject\",\"inLanguage\":\"en-US\",\"@id\":\"https:\/\/difue.de\/en\/#\/schema\/logo\/image\/\",\"url\":\"https:\/\/difue.de\/app\/uploads\/2021\/09\/difue-logo.svg\",\"contentUrl\":\"https:\/\/difue.de\/app\/uploads\/2021\/09\/difue-logo.svg\",\"width\":200,\"height\":149,\"caption\":\"Digitalf\u00fchrerschein (DiF\u00fc)\"},\"image\":{\"@id\":\"https:\/\/difue.de\/en\/#\/schema\/logo\/image\/\"},\"sameAs\":[\"https:\/\/www.facebook.com\/people\/DsiN-Digitalf\u00fchrerschein-DiF\u00fc\/100079074183260\/\",\"https:\/\/www.instagram.com\/dsin_digitalfuehrerschein\/\"]},{\"@type\":\"Person\",\"@id\":\"https:\/\/difue.de\/en\/#\/schema\/person\/e03bb0660a2aa2ce8b6d7d9631e9e30b\",\"name\":\"Johannes Wallat\",\"image\":{\"@type\":\"ImageObject\",\"inLanguage\":\"en-US\",\"@id\":\"https:\/\/difue.de\/en\/#\/schema\/person\/image\/\",\"url\":\"https:\/\/secure.gravatar.com\/avatar\/388eb9584551c35612b7829125fa6d8bf7120b836b5db6e8d4d1e24048bf5c3d?s=96&d=mm&r=g\",\"contentUrl\":\"https:\/\/secure.gravatar.com\/avatar\/388eb9584551c35612b7829125fa6d8bf7120b836b5db6e8d4d1e24048bf5c3d?s=96&d=mm&r=g\",\"caption\":\"Johannes Wallat\"},\"sameAs\":[\"http:\/\/Johannes%20Wallat\"]}]}<\/script>\n<!-- \/ Yoast SEO Premium plugin. -->","yoast_head_json":{"title":"Deutschland ist gegen Messenger-\u00dcberwachung &#8226; Digitalf\u00fchrerschein (DiF\u00fc)","description":"Bundesinnenministerin Faeser ist gegen die \u00dcberwachung von WhatsApp und Co. Die EU-Pl\u00e4ne gegen Kindesmissbrauch im Netz gehen ihr zu weit.","robots":{"index":"index","follow":"follow","max-snippet":"max-snippet:-1","max-image-preview":"max-image-preview:large","max-video-preview":"max-video-preview:-1"},"canonical":"https:\/\/difue.de\/en\/news\/kommunikation\/deutschland-ist-gegen-messenger-ueberwachung\/","og_locale":"en_US","og_type":"article","og_title":"Deutschland ist gegen Messenger-\u00dcberwachung","og_description":"Bundesinnenministerin Faeser ist gegen die \u00dcberwachung von WhatsApp und Co. Die EU-Pl\u00e4ne gegen Kindesmissbrauch im Netz gehen ihr zu weit.","og_url":"https:\/\/difue.de\/en\/news\/kommunikation\/deutschland-ist-gegen-messenger-ueberwachung\/","og_site_name":"Digitalf\u00fchrerschein (DiF\u00fc)","article_publisher":"https:\/\/www.facebook.com\/people\/DsiN-Digitalf%c3%bchrerschein-DiF%c3%bc\/100079074183260\/","article_published_time":"2022-05-23T09:17:41+00:00","article_modified_time":"2022-10-06T14:29:42+00:00","author":"Johannes Wallat","twitter_card":"summary_large_image","twitter_misc":{"Written by":"Johannes Wallat","Est. reading time":"2 minutes"},"schema":{"@context":"https:\/\/schema.org","@graph":[{"@type":"Article","@id":"https:\/\/difue.de\/en\/news\/kommunikation\/deutschland-ist-gegen-messenger-ueberwachung\/#article","isPartOf":{"@id":"https:\/\/difue.de\/en\/news\/kommunikation\/deutschland-ist-gegen-messenger-ueberwachung\/"},"author":{"name":"Johannes Wallat","@id":"https:\/\/difue.de\/en\/#\/schema\/person\/e03bb0660a2aa2ce8b6d7d9631e9e30b"},"headline":"Deutschland ist gegen Messenger-\u00dcberwachung","datePublished":"2022-05-23T09:17:41+00:00","dateModified":"2022-10-06T14:29:42+00:00","mainEntityOfPage":{"@id":"https:\/\/difue.de\/en\/news\/kommunikation\/deutschland-ist-gegen-messenger-ueberwachung\/"},"wordCount":283,"commentCount":0,"publisher":{"@id":"https:\/\/difue.de\/en\/#organization"},"keywords":["Datenschutz","EU","Messenger","Privatsph\u00e4re","Signal","Telegram","\u00dcberwachung","WhatsApp"],"articleSection":["Kommunikation"],"inLanguage":"en-US"},{"@type":"WebPage","@id":"https:\/\/difue.de\/en\/news\/kommunikation\/deutschland-ist-gegen-messenger-ueberwachung\/","url":"https:\/\/difue.de\/en\/news\/kommunikation\/deutschland-ist-gegen-messenger-ueberwachung\/","name":"Deutschland ist gegen Messenger-\u00dcberwachung &#8226; Digitalf\u00fchrerschein (DiF\u00fc)","isPartOf":{"@id":"https:\/\/difue.de\/en\/#website"},"datePublished":"2022-05-23T09:17:41+00:00","dateModified":"2022-10-06T14:29:42+00:00","description":"Bundesinnenministerin Faeser ist gegen die \u00dcberwachung von WhatsApp und Co. Die EU-Pl\u00e4ne gegen Kindesmissbrauch im Netz gehen ihr zu weit.","breadcrumb":{"@id":"https:\/\/difue.de\/en\/news\/kommunikation\/deutschland-ist-gegen-messenger-ueberwachung\/#breadcrumb"},"inLanguage":"en-US","potentialAction":[{"@type":"ReadAction","target":["https:\/\/difue.de\/en\/news\/kommunikation\/deutschland-ist-gegen-messenger-ueberwachung\/"]}]},{"@type":"BreadcrumbList","@id":"https:\/\/difue.de\/en\/news\/kommunikation\/deutschland-ist-gegen-messenger-ueberwachung\/#breadcrumb","itemListElement":[{"@type":"ListItem","position":1,"name":"Startseite","item":"https:\/\/difue.de\/en\/startseite\/"},{"@type":"ListItem","position":2,"name":"Deutschland ist gegen Messenger-\u00dcberwachung"}]},{"@type":"WebSite","@id":"https:\/\/difue.de\/en\/#website","url":"https:\/\/difue.de\/en\/","name":"Digitalf\u00fchrerschein (DiF\u00fc)","description":"","publisher":{"@id":"https:\/\/difue.de\/en\/#organization"},"potentialAction":[{"@type":"SearchAction","target":{"@type":"EntryPoint","urlTemplate":"https:\/\/difue.de\/en\/?s={search_term_string}"},"query-input":{"@type":"PropertyValueSpecification","valueRequired":true,"valueName":"search_term_string"}}],"inLanguage":"en-US"},{"@type":"Organization","@id":"https:\/\/difue.de\/en\/#organization","name":"Digitalf\u00fchrerschein (DiF\u00fc)","url":"https:\/\/difue.de\/en\/","logo":{"@type":"ImageObject","inLanguage":"en-US","@id":"https:\/\/difue.de\/en\/#\/schema\/logo\/image\/","url":"https:\/\/difue.de\/app\/uploads\/2021\/09\/difue-logo.svg","contentUrl":"https:\/\/difue.de\/app\/uploads\/2021\/09\/difue-logo.svg","width":200,"height":149,"caption":"Digitalf\u00fchrerschein (DiF\u00fc)"},"image":{"@id":"https:\/\/difue.de\/en\/#\/schema\/logo\/image\/"},"sameAs":["https:\/\/www.facebook.com\/people\/DsiN-Digitalf\u00fchrerschein-DiF\u00fc\/100079074183260\/","https:\/\/www.instagram.com\/dsin_digitalfuehrerschein\/"]},{"@type":"Person","@id":"https:\/\/difue.de\/en\/#\/schema\/person\/e03bb0660a2aa2ce8b6d7d9631e9e30b","name":"Johannes Wallat","image":{"@type":"ImageObject","inLanguage":"en-US","@id":"https:\/\/difue.de\/en\/#\/schema\/person\/image\/","url":"https:\/\/secure.gravatar.com\/avatar\/388eb9584551c35612b7829125fa6d8bf7120b836b5db6e8d4d1e24048bf5c3d?s=96&d=mm&r=g","contentUrl":"https:\/\/secure.gravatar.com\/avatar\/388eb9584551c35612b7829125fa6d8bf7120b836b5db6e8d4d1e24048bf5c3d?s=96&d=mm&r=g","caption":"Johannes Wallat"},"sameAs":["http:\/\/Johannes%20Wallat"]}]}},"_links":{"self":[{"href":"https:\/\/difue.de\/en\/wp-json\/wp\/v2\/posts\/18383","targetHints":{"allow":["GET"]}}],"collection":[{"href":"https:\/\/difue.de\/en\/wp-json\/wp\/v2\/posts"}],"about":[{"href":"https:\/\/difue.de\/en\/wp-json\/wp\/v2\/types\/post"}],"author":[{"embeddable":true,"href":"https:\/\/difue.de\/en\/wp-json\/wp\/v2\/users\/10"}],"replies":[{"embeddable":true,"href":"https:\/\/difue.de\/en\/wp-json\/wp\/v2\/comments?post=18383"}],"version-history":[{"count":0,"href":"https:\/\/difue.de\/en\/wp-json\/wp\/v2\/posts\/18383\/revisions"}],"acf:post":[{"embeddable":true,"href":"https:\/\/difue.de\/en\/wp-json\/wp\/v2\/posts\/17473"},{"embeddable":true,"href":"https:\/\/difue.de\/en\/wp-json\/wp\/v2\/posts\/16835"},{"embeddable":true,"href":"https:\/\/difue.de\/en\/wp-json\/wp\/v2\/posts\/17726"},{"embeddable":true,"href":"https:\/\/difue.de\/en\/wp-json\/wp\/v2\/posts\/16636"},{"embeddable":true,"href":"https:\/\/difue.de\/en\/wp-json\/wp\/v2\/posts\/17517"}],"wp:attachment":[{"href":"https:\/\/difue.de\/en\/wp-json\/wp\/v2\/media?parent=18383"}],"wp:term":[{"taxonomy":"category","embeddable":true,"href":"https:\/\/difue.de\/en\/wp-json\/wp\/v2\/categories?post=18383"},{"taxonomy":"post_tag","embeddable":true,"href":"https:\/\/difue.de\/en\/wp-json\/wp\/v2\/tags?post=18383"}],"curies":[{"name":"wp","href":"https:\/\/api.w.org\/{rel}","templated":true}]}}