{"id":23385,"date":"2022-08-09T06:00:00","date_gmt":"2022-08-09T04:00:00","guid":{"rendered":"https:\/\/difue.de\/?p=23385"},"modified":"2022-08-10T09:14:06","modified_gmt":"2022-08-10T07:14:06","slug":"podcast-dwiedigital-smart-home","status":"publish","type":"post","link":"https:\/\/difue.de\/en\/news\/technologiealltag\/podcast-dwiedigital-smart-home\/","title":{"rendered":"Smart Home: Bequem &#8211; aber auch sicher?"},"content":{"rendered":" <div class=\"container  post_type__post\"><div class=\"row mb-3\"><div class=\"col-12 col-lg-8 offset-lg-2\">\t\n<p>Wenn der K\u00fcchenlautsprecher auf Befehl das aktuelle Wetter verr\u00e4t, wenn der K\u00fchlschrank selbstst\u00e4ndig die Milch nachbestellt und die Rollos und Markisen zu Hause automatisch rauf und wieder runterfahren, dann sprechen wir vom Smart Home.  <\/p>\n<\/div><\/div><\/div>\n\n\n<section class=\"block__text_with_image_box mb-0\">\n\t<div class=\"container\">\n\t\t<div class=\"row mb-3 mb-lg-7\">\n\t\t\t<div class=\"col-12 col-lg-8 offset-lg-2\">\n\n\t\t\t\t<div class=\"block__text_with_image_box__content_wrapper\">\n\n\t\t\t\t\t<div class=\"block__text_with_image_box__info_box_wrapper col-12 col-lg-6 float-lg-end pb-4\">\n\t\t\t\t\t\t<div class=\"block__text_with_image_box__info_box\">\n\t\t\t\t\t\t\t<img decoding=\"async\" src=\"https:\/\/difue.de\/app\/uploads\/2022\/07\/Sebastian-Brose-scaled-e1659005528591.jpg\"\n\t\t\t\t\t\t\t\t class=\"w-100\"\n\t\t\t\t\t\t\t\talt=\"Sebastian Brose (VdS Schadensverh\u00fctung)\" title=\"Sebastian Brose - Sebastian Brose (VdS Schadensverh\u00fctung)\"\t\t\t\t\t\t\t>\n\t\t\t\t\t\t\t<div class=\"p-4\">\n\t\t\t\t\t\t\t\t\t\t\t\t\t\t\t\t<div class=\"block__text_with_image_box__text_wrapper\">\n\t\t\t\t\t\t\t\t\t<p>Sebastian Brose von VdS. Bild: VdS<\/p>\n\t\t\t\t\t\t\t\t<\/div>\n\t\t\t\t\t\t\t<\/div>\n\t\t\t\t\t\t<\/div>\n\t\t\t\t\t<\/div>\n\t\t\t\t\t<p>Smart Home ist der \u00dcberbegriff f\u00fcr viele Dinge, die in den eigenen vier W\u00e4nden durch Automatisierung und Internetverbindung leichter gemacht werden sollen. Doch mit der Bequemlichkeit kommt immer auch ein gewisses Risiko.<\/p>\n<p>&nbsp;<\/p>\n<p>Im Podcast &#8220;D wie Digital&#8221; ist dieses Mal Sebastian Brose vom Verband VdS zu Gast. VdS pr\u00fcft und zertifiziert Produkte, Systeme und Dienstleistungen auf ihre Sicherheit.<\/p>\n<p>&nbsp;<\/p>\n<p>Sebastian Brose wei\u00df, worauf es beim Smart Home ankommt. Er erkl\u00e4rt, worauf man beim Kauf von vernetzten Haushaltsger\u00e4ten achten muss, warum man nicht immer alles selbst einrichten sollte und warum nicht alles, was online sein kann, auch online sein muss.<\/p>\n<p>&nbsp;<\/p>\n<p>Der Podcast \u201eD wie Digital\u201c erscheint alle 14 Tage, immer am DiF\u00fc-Dienstag. In jeder Folge geht es um andere, spannende Themen aus dem digitalen Alltag. Wir sprechen mit wechselnden Interview-Partner:innen \u00fcber Algorithmen und Erpressersoftware, Online-Shopping und Social Media, das Darknet, KI und die Zukunft des Internets. Kurzweilig, informativ, unterhaltsam. Neue Folgen finden Sie direkt hier bei DiF\u00fc-News, in der DiF\u00fc-App und auf allen bekannten Podcast-Plattformen. Verpassen Sie keine neue Folge von \u201eD wie Digital\u201c und klicken Sie im Podcast-Player direkt auf \u201eAbonnieren\u201c.<\/p>\n\n\t\t\t\t<\/div>\n\n\t\t\t<\/div>\n\t\t<\/div>\n\t<\/div>\n<\/section>\n","protected":false},"excerpt":{"rendered":"<p>Wenn der K\u00fcchenlautsprecher auf Befehl das aktuelle Wetter verr\u00e4t, wenn der K\u00fchlschrank selbstst\u00e4ndig die Milch nachbestellt und die Rollos und [&hellip;]<\/p>\n","protected":false},"author":10,"featured_media":0,"comment_status":"open","ping_status":"open","sticky":false,"template":"","format":"standard","meta":{"_acf_changed":false,"inline_featured_image":false,"footnotes":""},"categories":[5,3],"tags":[218,284,67,220,217,93,283],"class_list":["post-23385","post","type-post","status-publish","format-standard","hentry","category-gefahrenschutz","category-technologiealltag","tag-d-wie-digital","tag-gefahrenschutz","tag-internet","tag-interview","tag-podcast","tag-privatsphaere","tag-smart-home"],"acf":{"show_similar_posts":"Ja","similar_posts":[19762,22856,22029,18420,19800,23401,24866,25439,26432,28138,30304,30836,31645,32284,33000,33327,33959,34378,34904,35354,39139,39581,40110,40996,41090,41904,41922],"sleeve":"","kicker":"Podcast \"D wie Digital\"","bild":23463,"bildunterschrift":"Smart Home ist bequem, sollte aber auch sicher sein. Bild: Pixabay","anreisser":"Vernetzte Ger\u00e4te im Haushalt machen unser Leben bequemer. Doch wer sein Smart Home nachl\u00e4ssig einrichtet und verwaltet, geht ein gro\u00dfes Sicherheitsrisiko ein. Im Podcast \"D wie Digital\" verr\u00e4t Sebastian Brose von VdS, worauf es ankommt, wenn man seine eigenen vier W\u00e4nde vernetzen will. ","podcast":"<script class=\"podigee-podcast-player\" src=\"https:\/\/player.podigee-cdn.net\/podcast-player\/javascripts\/podigee-podcast-player.js\" data-configuration=\"https:\/\/dwiedigital.podigee.io\/8-smart-home\/embed?context=external&token=wsl0XciSjDfz-PoW3tW5dA\"><\/script>","video":""},"yoast_head":"<!-- This site is optimized with the Yoast SEO Premium plugin v22.4 (Yoast SEO v24.7) - https:\/\/yoast.com\/wordpress\/plugins\/seo\/ -->\n<title>Smart Home: Bequem - aber auch sicher? &#8226; Digitalf\u00fchrerschein (DiF\u00fc)<\/title>\n<meta name=\"description\" content=\"Das Smart Home macht unser Leben bequemer - doch es kann auch Risiken bergen. Im Podcast &quot;D wie Digital&quot; verr\u00e4t Sebastian Brose von VdS, worauf es ankommt, wenn man seine eigenen vier W\u00e4nde vernetzen will.\" \/>\n<meta name=\"robots\" content=\"index, follow, max-snippet:-1, max-image-preview:large, max-video-preview:-1\" \/>\n<link rel=\"canonical\" href=\"https:\/\/difue.de\/en\/news\/technologiealltag\/podcast-dwiedigital-smart-home\/\" \/>\n<meta property=\"og:locale\" content=\"en_US\" \/>\n<meta property=\"og:type\" content=\"article\" \/>\n<meta property=\"og:title\" content=\"Smart Home: Bequem - aber auch sicher?\" \/>\n<meta property=\"og:description\" content=\"Das Smart Home macht unser Leben bequemer - doch es kann auch Risiken bergen. Im Podcast &quot;D wie Digital&quot; verr\u00e4t Sebastian Brose von VdS, worauf es ankommt, wenn man seine eigenen vier W\u00e4nde vernetzen will.\" \/>\n<meta property=\"og:url\" content=\"https:\/\/difue.de\/en\/news\/technologiealltag\/podcast-dwiedigital-smart-home\/\" \/>\n<meta property=\"og:site_name\" content=\"Digitalf\u00fchrerschein (DiF\u00fc)\" \/>\n<meta property=\"article:publisher\" content=\"https:\/\/www.facebook.com\/people\/DsiN-Digitalf%c3%bchrerschein-DiF%c3%bc\/100079074183260\/\" \/>\n<meta property=\"article:published_time\" content=\"2022-08-09T04:00:00+00:00\" \/>\n<meta property=\"article:modified_time\" content=\"2022-08-10T07:14:06+00:00\" \/>\n<meta property=\"og:image\" content=\"https:\/\/difue.de\/app\/uploads\/2022\/08\/smart-home-g45790b2fa_1920.jpg\" \/><meta property=\"og:image:width\" content=\"1920\" \/><meta property=\"og:image:height\" content=\"1244\" \/><meta property=\"og:image:type\" content=\"image\/jpeg\" \/>\n<meta name=\"author\" content=\"Johannes Wallat\" \/>\n<meta name=\"twitter:card\" content=\"summary_large_image\" \/>\n<meta name=\"twitter:label1\" content=\"Written by\" \/>\n\t<meta name=\"twitter:data1\" content=\"Johannes Wallat\" \/>\n\t<meta name=\"twitter:label2\" content=\"Est. reading time\" \/>\n\t<meta name=\"twitter:data2\" content=\"1 minute\" \/>\n<script type=\"application\/ld+json\" class=\"yoast-schema-graph\">{\"@context\":\"https:\/\/schema.org\",\"@graph\":[{\"@type\":\"Article\",\"@id\":\"https:\/\/difue.de\/en\/news\/technologiealltag\/podcast-dwiedigital-smart-home\/#article\",\"isPartOf\":{\"@id\":\"https:\/\/difue.de\/en\/news\/technologiealltag\/podcast-dwiedigital-smart-home\/\"},\"author\":{\"name\":\"Johannes Wallat\",\"@id\":\"https:\/\/difue.de\/en\/#\/schema\/person\/e03bb0660a2aa2ce8b6d7d9631e9e30b\"},\"headline\":\"Smart Home: Bequem &#8211; aber auch sicher?\",\"datePublished\":\"2022-08-09T04:00:00+00:00\",\"dateModified\":\"2022-08-10T07:14:06+00:00\",\"mainEntityOfPage\":{\"@id\":\"https:\/\/difue.de\/en\/news\/technologiealltag\/podcast-dwiedigital-smart-home\/\"},\"wordCount\":45,\"commentCount\":0,\"publisher\":{\"@id\":\"https:\/\/difue.de\/en\/#organization\"},\"keywords\":[\"D wie Digital\",\"Gefahrenschutz\",\"Internet\",\"Interview\",\"Podcast\",\"Privatsph\u00e4re\",\"Smarthome\"],\"articleSection\":[\"Gefahrenschutz\",\"Technologiealltag\"],\"inLanguage\":\"en-US\"},{\"@type\":\"WebPage\",\"@id\":\"https:\/\/difue.de\/en\/news\/technologiealltag\/podcast-dwiedigital-smart-home\/\",\"url\":\"https:\/\/difue.de\/en\/news\/technologiealltag\/podcast-dwiedigital-smart-home\/\",\"name\":\"Smart Home: Bequem - aber auch sicher? &#8226; Digitalf\u00fchrerschein (DiF\u00fc)\",\"isPartOf\":{\"@id\":\"https:\/\/difue.de\/en\/#website\"},\"datePublished\":\"2022-08-09T04:00:00+00:00\",\"dateModified\":\"2022-08-10T07:14:06+00:00\",\"description\":\"Das Smart Home macht unser Leben bequemer - doch es kann auch Risiken bergen. Im Podcast \\\"D wie Digital\\\" verr\u00e4t Sebastian Brose von VdS, worauf es ankommt, wenn man seine eigenen vier W\u00e4nde vernetzen will.\",\"breadcrumb\":{\"@id\":\"https:\/\/difue.de\/en\/news\/technologiealltag\/podcast-dwiedigital-smart-home\/#breadcrumb\"},\"inLanguage\":\"en-US\",\"potentialAction\":[{\"@type\":\"ReadAction\",\"target\":[\"https:\/\/difue.de\/en\/news\/technologiealltag\/podcast-dwiedigital-smart-home\/\"]}]},{\"@type\":\"BreadcrumbList\",\"@id\":\"https:\/\/difue.de\/en\/news\/technologiealltag\/podcast-dwiedigital-smart-home\/#breadcrumb\",\"itemListElement\":[{\"@type\":\"ListItem\",\"position\":1,\"name\":\"Startseite\",\"item\":\"https:\/\/difue.de\/en\/startseite\/\"},{\"@type\":\"ListItem\",\"position\":2,\"name\":\"Smart Home: Bequem &#8211; aber auch sicher?\"}]},{\"@type\":\"WebSite\",\"@id\":\"https:\/\/difue.de\/en\/#website\",\"url\":\"https:\/\/difue.de\/en\/\",\"name\":\"Digitalf\u00fchrerschein (DiF\u00fc)\",\"description\":\"\",\"publisher\":{\"@id\":\"https:\/\/difue.de\/en\/#organization\"},\"potentialAction\":[{\"@type\":\"SearchAction\",\"target\":{\"@type\":\"EntryPoint\",\"urlTemplate\":\"https:\/\/difue.de\/en\/?s={search_term_string}\"},\"query-input\":{\"@type\":\"PropertyValueSpecification\",\"valueRequired\":true,\"valueName\":\"search_term_string\"}}],\"inLanguage\":\"en-US\"},{\"@type\":\"Organization\",\"@id\":\"https:\/\/difue.de\/en\/#organization\",\"name\":\"Digitalf\u00fchrerschein (DiF\u00fc)\",\"url\":\"https:\/\/difue.de\/en\/\",\"logo\":{\"@type\":\"ImageObject\",\"inLanguage\":\"en-US\",\"@id\":\"https:\/\/difue.de\/en\/#\/schema\/logo\/image\/\",\"url\":\"https:\/\/difue.de\/app\/uploads\/2021\/09\/difue-logo.svg\",\"contentUrl\":\"https:\/\/difue.de\/app\/uploads\/2021\/09\/difue-logo.svg\",\"width\":200,\"height\":149,\"caption\":\"Digitalf\u00fchrerschein (DiF\u00fc)\"},\"image\":{\"@id\":\"https:\/\/difue.de\/en\/#\/schema\/logo\/image\/\"},\"sameAs\":[\"https:\/\/www.facebook.com\/people\/DsiN-Digitalf\u00fchrerschein-DiF\u00fc\/100079074183260\/\",\"https:\/\/www.instagram.com\/dsin_digitalfuehrerschein\/\"]},{\"@type\":\"Person\",\"@id\":\"https:\/\/difue.de\/en\/#\/schema\/person\/e03bb0660a2aa2ce8b6d7d9631e9e30b\",\"name\":\"Johannes Wallat\",\"image\":{\"@type\":\"ImageObject\",\"inLanguage\":\"en-US\",\"@id\":\"https:\/\/difue.de\/en\/#\/schema\/person\/image\/\",\"url\":\"https:\/\/secure.gravatar.com\/avatar\/388eb9584551c35612b7829125fa6d8bf7120b836b5db6e8d4d1e24048bf5c3d?s=96&d=mm&r=g\",\"contentUrl\":\"https:\/\/secure.gravatar.com\/avatar\/388eb9584551c35612b7829125fa6d8bf7120b836b5db6e8d4d1e24048bf5c3d?s=96&d=mm&r=g\",\"caption\":\"Johannes Wallat\"},\"sameAs\":[\"http:\/\/Johannes%20Wallat\"]}]}<\/script>\n<!-- \/ Yoast SEO Premium plugin. -->","yoast_head_json":{"title":"Smart Home: Bequem - aber auch sicher? &#8226; Digitalf\u00fchrerschein (DiF\u00fc)","description":"Das Smart Home macht unser Leben bequemer - doch es kann auch Risiken bergen. Im Podcast \"D wie Digital\" verr\u00e4t Sebastian Brose von VdS, worauf es ankommt, wenn man seine eigenen vier W\u00e4nde vernetzen will.","robots":{"index":"index","follow":"follow","max-snippet":"max-snippet:-1","max-image-preview":"max-image-preview:large","max-video-preview":"max-video-preview:-1"},"canonical":"https:\/\/difue.de\/en\/news\/technologiealltag\/podcast-dwiedigital-smart-home\/","og_locale":"en_US","og_type":"article","og_title":"Smart Home: Bequem - aber auch sicher?","og_description":"Das Smart Home macht unser Leben bequemer - doch es kann auch Risiken bergen. Im Podcast \"D wie Digital\" verr\u00e4t Sebastian Brose von VdS, worauf es ankommt, wenn man seine eigenen vier W\u00e4nde vernetzen will.","og_url":"https:\/\/difue.de\/en\/news\/technologiealltag\/podcast-dwiedigital-smart-home\/","og_site_name":"Digitalf\u00fchrerschein (DiF\u00fc)","article_publisher":"https:\/\/www.facebook.com\/people\/DsiN-Digitalf%c3%bchrerschein-DiF%c3%bc\/100079074183260\/","article_published_time":"2022-08-09T04:00:00+00:00","article_modified_time":"2022-08-10T07:14:06+00:00","author":"Johannes Wallat","twitter_card":"summary_large_image","twitter_misc":{"Written by":"Johannes Wallat","Est. reading time":"1 minute"},"schema":{"@context":"https:\/\/schema.org","@graph":[{"@type":"Article","@id":"https:\/\/difue.de\/en\/news\/technologiealltag\/podcast-dwiedigital-smart-home\/#article","isPartOf":{"@id":"https:\/\/difue.de\/en\/news\/technologiealltag\/podcast-dwiedigital-smart-home\/"},"author":{"name":"Johannes Wallat","@id":"https:\/\/difue.de\/en\/#\/schema\/person\/e03bb0660a2aa2ce8b6d7d9631e9e30b"},"headline":"Smart Home: Bequem &#8211; aber auch sicher?","datePublished":"2022-08-09T04:00:00+00:00","dateModified":"2022-08-10T07:14:06+00:00","mainEntityOfPage":{"@id":"https:\/\/difue.de\/en\/news\/technologiealltag\/podcast-dwiedigital-smart-home\/"},"wordCount":45,"commentCount":0,"publisher":{"@id":"https:\/\/difue.de\/en\/#organization"},"keywords":["D wie Digital","Gefahrenschutz","Internet","Interview","Podcast","Privatsph\u00e4re","Smarthome"],"articleSection":["Gefahrenschutz","Technologiealltag"],"inLanguage":"en-US"},{"@type":"WebPage","@id":"https:\/\/difue.de\/en\/news\/technologiealltag\/podcast-dwiedigital-smart-home\/","url":"https:\/\/difue.de\/en\/news\/technologiealltag\/podcast-dwiedigital-smart-home\/","name":"Smart Home: Bequem - aber auch sicher? &#8226; Digitalf\u00fchrerschein (DiF\u00fc)","isPartOf":{"@id":"https:\/\/difue.de\/en\/#website"},"datePublished":"2022-08-09T04:00:00+00:00","dateModified":"2022-08-10T07:14:06+00:00","description":"Das Smart Home macht unser Leben bequemer - doch es kann auch Risiken bergen. Im Podcast \"D wie Digital\" verr\u00e4t Sebastian Brose von VdS, worauf es ankommt, wenn man seine eigenen vier W\u00e4nde vernetzen will.","breadcrumb":{"@id":"https:\/\/difue.de\/en\/news\/technologiealltag\/podcast-dwiedigital-smart-home\/#breadcrumb"},"inLanguage":"en-US","potentialAction":[{"@type":"ReadAction","target":["https:\/\/difue.de\/en\/news\/technologiealltag\/podcast-dwiedigital-smart-home\/"]}]},{"@type":"BreadcrumbList","@id":"https:\/\/difue.de\/en\/news\/technologiealltag\/podcast-dwiedigital-smart-home\/#breadcrumb","itemListElement":[{"@type":"ListItem","position":1,"name":"Startseite","item":"https:\/\/difue.de\/en\/startseite\/"},{"@type":"ListItem","position":2,"name":"Smart Home: Bequem &#8211; aber auch sicher?"}]},{"@type":"WebSite","@id":"https:\/\/difue.de\/en\/#website","url":"https:\/\/difue.de\/en\/","name":"Digitalf\u00fchrerschein (DiF\u00fc)","description":"","publisher":{"@id":"https:\/\/difue.de\/en\/#organization"},"potentialAction":[{"@type":"SearchAction","target":{"@type":"EntryPoint","urlTemplate":"https:\/\/difue.de\/en\/?s={search_term_string}"},"query-input":{"@type":"PropertyValueSpecification","valueRequired":true,"valueName":"search_term_string"}}],"inLanguage":"en-US"},{"@type":"Organization","@id":"https:\/\/difue.de\/en\/#organization","name":"Digitalf\u00fchrerschein (DiF\u00fc)","url":"https:\/\/difue.de\/en\/","logo":{"@type":"ImageObject","inLanguage":"en-US","@id":"https:\/\/difue.de\/en\/#\/schema\/logo\/image\/","url":"https:\/\/difue.de\/app\/uploads\/2021\/09\/difue-logo.svg","contentUrl":"https:\/\/difue.de\/app\/uploads\/2021\/09\/difue-logo.svg","width":200,"height":149,"caption":"Digitalf\u00fchrerschein (DiF\u00fc)"},"image":{"@id":"https:\/\/difue.de\/en\/#\/schema\/logo\/image\/"},"sameAs":["https:\/\/www.facebook.com\/people\/DsiN-Digitalf\u00fchrerschein-DiF\u00fc\/100079074183260\/","https:\/\/www.instagram.com\/dsin_digitalfuehrerschein\/"]},{"@type":"Person","@id":"https:\/\/difue.de\/en\/#\/schema\/person\/e03bb0660a2aa2ce8b6d7d9631e9e30b","name":"Johannes Wallat","image":{"@type":"ImageObject","inLanguage":"en-US","@id":"https:\/\/difue.de\/en\/#\/schema\/person\/image\/","url":"https:\/\/secure.gravatar.com\/avatar\/388eb9584551c35612b7829125fa6d8bf7120b836b5db6e8d4d1e24048bf5c3d?s=96&d=mm&r=g","contentUrl":"https:\/\/secure.gravatar.com\/avatar\/388eb9584551c35612b7829125fa6d8bf7120b836b5db6e8d4d1e24048bf5c3d?s=96&d=mm&r=g","caption":"Johannes Wallat"},"sameAs":["http:\/\/Johannes%20Wallat"]}]}},"_links":{"self":[{"href":"https:\/\/difue.de\/en\/wp-json\/wp\/v2\/posts\/23385","targetHints":{"allow":["GET"]}}],"collection":[{"href":"https:\/\/difue.de\/en\/wp-json\/wp\/v2\/posts"}],"about":[{"href":"https:\/\/difue.de\/en\/wp-json\/wp\/v2\/types\/post"}],"author":[{"embeddable":true,"href":"https:\/\/difue.de\/en\/wp-json\/wp\/v2\/users\/10"}],"replies":[{"embeddable":true,"href":"https:\/\/difue.de\/en\/wp-json\/wp\/v2\/comments?post=23385"}],"version-history":[{"count":0,"href":"https:\/\/difue.de\/en\/wp-json\/wp\/v2\/posts\/23385\/revisions"}],"acf:post":[{"embeddable":true,"href":"https:\/\/difue.de\/en\/wp-json\/wp\/v2\/posts\/41922"},{"embeddable":true,"href":"https:\/\/difue.de\/en\/wp-json\/wp\/v2\/posts\/41904"},{"embeddable":true,"href":"https:\/\/difue.de\/en\/wp-json\/wp\/v2\/posts\/40996"},{"embeddable":true,"href":"https:\/\/difue.de\/en\/wp-json\/wp\/v2\/posts\/40110"},{"embeddable":true,"href":"https:\/\/difue.de\/en\/wp-json\/wp\/v2\/posts\/39581"},{"embeddable":true,"href":"https:\/\/difue.de\/en\/wp-json\/wp\/v2\/posts\/39139"},{"embeddable":true,"href":"https:\/\/difue.de\/en\/wp-json\/wp\/v2\/posts\/35354"},{"embeddable":true,"href":"https:\/\/difue.de\/en\/wp-json\/wp\/v2\/posts\/34904"},{"embeddable":true,"href":"https:\/\/difue.de\/en\/wp-json\/wp\/v2\/posts\/34378"},{"embeddable":true,"href":"https:\/\/difue.de\/en\/wp-json\/wp\/v2\/posts\/33959"},{"embeddable":true,"href":"https:\/\/difue.de\/en\/wp-json\/wp\/v2\/posts\/33327"},{"embeddable":true,"href":"https:\/\/difue.de\/en\/wp-json\/wp\/v2\/posts\/33000"},{"embeddable":true,"href":"https:\/\/difue.de\/en\/wp-json\/wp\/v2\/posts\/32284"},{"embeddable":true,"href":"https:\/\/difue.de\/en\/wp-json\/wp\/v2\/posts\/31645"},{"embeddable":true,"href":"https:\/\/difue.de\/en\/wp-json\/wp\/v2\/posts\/30836"},{"embeddable":true,"href":"https:\/\/difue.de\/en\/wp-json\/wp\/v2\/posts\/30304"},{"embeddable":true,"href":"https:\/\/difue.de\/en\/wp-json\/wp\/v2\/posts\/28138"},{"embeddable":true,"href":"https:\/\/difue.de\/en\/wp-json\/wp\/v2\/posts\/26432"},{"embeddable":true,"href":"https:\/\/difue.de\/en\/wp-json\/wp\/v2\/posts\/25439"},{"embeddable":true,"href":"https:\/\/difue.de\/en\/wp-json\/wp\/v2\/posts\/24866"},{"embeddable":true,"href":"https:\/\/difue.de\/en\/wp-json\/wp\/v2\/posts\/23401"},{"embeddable":true,"href":"https:\/\/difue.de\/en\/wp-json\/wp\/v2\/posts\/19800"},{"embeddable":true,"href":"https:\/\/difue.de\/en\/wp-json\/wp\/v2\/posts\/18420"},{"embeddable":true,"href":"https:\/\/difue.de\/en\/wp-json\/wp\/v2\/posts\/22029"},{"embeddable":true,"href":"https:\/\/difue.de\/en\/wp-json\/wp\/v2\/posts\/22856"},{"embeddable":true,"href":"https:\/\/difue.de\/en\/wp-json\/wp\/v2\/posts\/19762"}],"wp:attachment":[{"href":"https:\/\/difue.de\/en\/wp-json\/wp\/v2\/media?parent=23385"}],"wp:term":[{"taxonomy":"category","embeddable":true,"href":"https:\/\/difue.de\/en\/wp-json\/wp\/v2\/categories?post=23385"},{"taxonomy":"post_tag","embeddable":true,"href":"https:\/\/difue.de\/en\/wp-json\/wp\/v2\/tags?post=23385"}],"curies":[{"name":"wp","href":"https:\/\/api.w.org\/{rel}","templated":true}]}}