{"id":30836,"date":"2023-05-04T09:28:41","date_gmt":"2023-05-04T07:28:41","guid":{"rendered":"https:\/\/difue.de\/?p=30836"},"modified":"2023-05-10T11:44:23","modified_gmt":"2023-05-10T09:44:23","slug":"podcast-d-wie-digital-new-work","status":"publish","type":"post","link":"https:\/\/difue.de\/en\/news\/internet\/podcast-d-wie-digital-new-work\/","title":{"rendered":"Von Sinn bis Selbstbestimmung: New Work"},"content":{"rendered":" <div class=\"container  post_type__post\"><div class=\"row mb-3\"><div class=\"col-12 col-lg-8 offset-lg-2\">\t\n<p>New Work, nur eines dieser Schlagw\u00f6rter und Buzzwords ohne Inhalte? Ganz im Gegenteil: Die Wurzeln von New Work liegen in den 1970er Jahren. Au\u00dferdem kann das Konzept \u2013 wird es richtig angewendet \u2013 dazu beitragen, dass Arbeitnehmer:innen mehr Sinn und Erf\u00fcllung in ihrer Arbeit finden. Wie das funktionieren kann und wie es ganz konkret bei Neue Narrative aussieht? Dar\u00fcber sprechen Paul Fenski und Maria Be\u00dfler in dieser Ausgabe von \u201eD wie Digital&#8221;.<\/p>\n<\/div><\/div><\/div>\n\n\n<section class=\"block__text_with_image_box mb-0\">\n\t<div class=\"container\">\n\t\t<div class=\"row mb-3 mb-lg-7\">\n\t\t\t<div class=\"col-12 col-lg-8 offset-lg-2\">\n\n\t\t\t\t<div class=\"block__text_with_image_box__content_wrapper\">\n\n\t\t\t\t\t<div class=\"block__text_with_image_box__info_box_wrapper col-12 col-lg-6 float-lg-end pb-4\">\n\t\t\t\t\t\t<div class=\"block__text_with_image_box__info_box\">\n\t\t\t\t\t\t\t<img decoding=\"async\" src=\"https:\/\/difue.de\/app\/uploads\/2023\/05\/Paul-Fenksi_Credit_Fabian-Catoni-2-scaled.jpg\"\n\t\t\t\t\t\t\t\t class=\"w-100\"\n\t\t\t\t\t\t\t\talt=\"Paul Fenski von Neue Narrative\" title=\"Paul Fenksi_Credit_Fabian Catoni - Paul Fenski von Neue Narrative\"\t\t\t\t\t\t\t>\n\t\t\t\t\t\t\t<div class=\"p-4\">\n\t\t\t\t\t\t\t\t\t\t\t\t\t\t\t\t<div class=\"block__text_with_image_box__text_wrapper\">\n\t\t\t\t\t\t\t\t\t<p>Paul Fenski, Redakteur bei Neue Narrative<\/p>\n\t\t\t\t\t\t\t\t<\/div>\n\t\t\t\t\t\t\t<\/div>\n\t\t\t\t\t\t<\/div>\n\t\t\t\t\t<\/div>\n\t\t\t\t\t<p>Der Podcast \u201eD wie Digital\u201c erscheint monatlich. In jeder Folge geht es um andere, spannende Themen aus dem digitalen Alltag. Wir sprechen mit wechselnden Interview-Partner:innen \u00fcber Algorithmen und Erpressersoftware, Online-Shopping und Social Media, das Darknet, K\u00fcnstliche Intelligenz und die Zukunft des Internets. Kurzweilig, informativ, unterhaltsam. Neue Folgen finden Sie direkt hier bei DiF\u00fc-News, in der DiF\u00fc-App und auf allen bekannten Podcast-Plattformen. Verpassen Sie keine neue Folge von \u201eD wie Digital\u201c und klicken Sie im Podcast-Player direkt auf \u201eAbonnieren\u201c.<\/p>\n\n\t\t\t\t<\/div>\n\n\t\t\t<\/div>\n\t\t<\/div>\n\t<\/div>\n<\/section>\n\n\n <div class=\"container  post_type__post\"><div class=\"row mb-3\"><div class=\"col-12 col-lg-8 offset-lg-2\">\t\n<p><strong>Artikelbild: <a href=\"https:\/\/unsplash.com\/de\/fotos\/mG28olYFgHI\" target=\"_blank\" rel=\"noreferrer noopener nofollow\">Ross Findon via unsplash.com<\/a><\/strong><\/p>\n<\/div><\/div><\/div>","protected":false},"excerpt":{"rendered":"<p>New Work, nur eines dieser Schlagw\u00f6rter und Buzzwords ohne Inhalte? Ganz im Gegenteil: Die Wurzeln von New Work liegen in [&hellip;]<\/p>\n","protected":false},"author":8048,"featured_media":0,"comment_status":"open","ping_status":"open","sticky":false,"template":"","format":"standard","meta":{"_acf_changed":false,"inline_featured_image":false,"footnotes":""},"categories":[396,453,7,296,3],"tags":[218,217],"class_list":["post-30836","post","type-post","status-publish","format-standard","hentry","category-aktuell","category-devices-tools","category-internet","category-podcast","category-technologiealltag","tag-d-wie-digital","tag-podcast"],"acf":{"show_similar_posts":"Ja","similar_posts":[22856,19762,22029,23385,18420,19800,28417,29305,29293],"sleeve":"","kicker":"Podcast \u201eD wie Digital\u201c","bild":31055,"bildunterschrift":"Neues Arbeiten","anreisser":"Ohne B\u00fcro, aber daf\u00fcr mit umso mehr Sinn und Selbstbestimmung? Genau das verspricht das Konzept New Work. Was es damit auf sich hat und wie es konkret aussehen kann? Ein Gespr\u00e4ch mit Paul Fenski von Neue Narrative.","podcast":"<script class=\"podigee-podcast-player\" src=\"https:\/\/player.podigee-cdn.net\/podcast-player\/javascripts\/podigee-podcast-player.js\" data-configuration=\"https:\/\/dwiedigital.podigee.io\/16-von-sinn-bis-selbstbestimmung-was-es-mit-new-work-auf-sich-hat\/embed?context=external\"><\/script>","video":""},"yoast_head":"<!-- This site is optimized with the Yoast SEO Premium plugin v22.4 (Yoast SEO v24.7) - https:\/\/yoast.com\/wordpress\/plugins\/seo\/ -->\n<title>Von Sinn bis Selbstbestimmung: New Work &#8226; Digitalf\u00fchrerschein (DiF\u00fc)<\/title>\n<meta name=\"description\" content=\"Ohne B\u00fcro, aber daf\u00fcr mit umso mehr Sinn und Selbstbestimmung? Genau das verspricht das Konzept New Work. Was es damit auf sich hat und wie es konkret aussehen kann? Ein Gespr\u00e4ch mit Paul Fenski von Neue Narrative.\" \/>\n<meta name=\"robots\" content=\"index, follow, max-snippet:-1, max-image-preview:large, max-video-preview:-1\" \/>\n<link rel=\"canonical\" href=\"https:\/\/difue.de\/en\/news\/internet\/podcast-d-wie-digital-new-work\/\" \/>\n<meta property=\"og:locale\" content=\"en_US\" \/>\n<meta property=\"og:type\" content=\"article\" \/>\n<meta property=\"og:title\" content=\"Von Sinn bis Selbstbestimmung: New Work\" \/>\n<meta property=\"og:description\" content=\"Ohne B\u00fcro, aber daf\u00fcr mit umso mehr Sinn und Selbstbestimmung? Genau das verspricht das Konzept New Work. Was es damit auf sich hat und wie es konkret aussehen kann? Ein Gespr\u00e4ch mit Paul Fenski von Neue Narrative.\" \/>\n<meta property=\"og:url\" content=\"https:\/\/difue.de\/en\/news\/internet\/podcast-d-wie-digital-new-work\/\" \/>\n<meta property=\"og:site_name\" content=\"Digitalf\u00fchrerschein (DiF\u00fc)\" \/>\n<meta property=\"article:publisher\" content=\"https:\/\/www.facebook.com\/people\/DsiN-Digitalf%c3%bchrerschein-DiF%c3%bc\/100079074183260\/\" \/>\n<meta property=\"article:published_time\" content=\"2023-05-04T07:28:41+00:00\" \/>\n<meta property=\"article:modified_time\" content=\"2023-05-10T09:44:23+00:00\" \/>\n<meta property=\"og:image\" content=\"https:\/\/difue.de\/app\/uploads\/2023\/05\/photo-1499244571948-7ccddb3583f1.jpg\" \/><meta property=\"og:image:width\" content=\"1032\" \/><meta property=\"og:image:height\" content=\"581\" \/><meta property=\"og:image:type\" content=\"image\/jpeg\" \/>\n<meta name=\"author\" content=\"DiF\u00fc-Redaktion\" \/>\n<meta name=\"twitter:card\" content=\"summary_large_image\" \/>\n<meta name=\"twitter:label1\" content=\"Written by\" \/>\n\t<meta name=\"twitter:data1\" content=\"DiF\u00fc-Redaktion\" \/>\n\t<meta name=\"twitter:label2\" content=\"Est. reading time\" \/>\n\t<meta name=\"twitter:data2\" content=\"1 minute\" \/>\n<script type=\"application\/ld+json\" class=\"yoast-schema-graph\">{\"@context\":\"https:\/\/schema.org\",\"@graph\":[{\"@type\":\"Article\",\"@id\":\"https:\/\/difue.de\/en\/news\/internet\/podcast-d-wie-digital-new-work\/#article\",\"isPartOf\":{\"@id\":\"https:\/\/difue.de\/en\/news\/internet\/podcast-d-wie-digital-new-work\/\"},\"author\":{\"name\":\"DiF\u00fc-Redaktion\",\"@id\":\"https:\/\/difue.de\/en\/#\/schema\/person\/561da257ed73a0e0a7b309ed668c2e2f\"},\"headline\":\"Von Sinn bis Selbstbestimmung: New Work\",\"datePublished\":\"2023-05-04T07:28:41+00:00\",\"dateModified\":\"2023-05-10T09:44:23+00:00\",\"mainEntityOfPage\":{\"@id\":\"https:\/\/difue.de\/en\/news\/internet\/podcast-d-wie-digital-new-work\/\"},\"wordCount\":88,\"commentCount\":0,\"publisher\":{\"@id\":\"https:\/\/difue.de\/en\/#organization\"},\"keywords\":[\"D wie Digital\",\"Podcast\"],\"articleSection\":[\"Aktuell\",\"Devices &amp; Tools\",\"Internet\",\"Podcast\",\"Technologiealltag\"],\"inLanguage\":\"en-US\"},{\"@type\":\"WebPage\",\"@id\":\"https:\/\/difue.de\/en\/news\/internet\/podcast-d-wie-digital-new-work\/\",\"url\":\"https:\/\/difue.de\/en\/news\/internet\/podcast-d-wie-digital-new-work\/\",\"name\":\"Von Sinn bis Selbstbestimmung: New Work &#8226; Digitalf\u00fchrerschein (DiF\u00fc)\",\"isPartOf\":{\"@id\":\"https:\/\/difue.de\/en\/#website\"},\"datePublished\":\"2023-05-04T07:28:41+00:00\",\"dateModified\":\"2023-05-10T09:44:23+00:00\",\"description\":\"Ohne B\u00fcro, aber daf\u00fcr mit umso mehr Sinn und Selbstbestimmung? Genau das verspricht das Konzept New Work. Was es damit auf sich hat und wie es konkret aussehen kann? Ein Gespr\u00e4ch mit Paul Fenski von Neue Narrative.\",\"breadcrumb\":{\"@id\":\"https:\/\/difue.de\/en\/news\/internet\/podcast-d-wie-digital-new-work\/#breadcrumb\"},\"inLanguage\":\"en-US\",\"potentialAction\":[{\"@type\":\"ReadAction\",\"target\":[\"https:\/\/difue.de\/en\/news\/internet\/podcast-d-wie-digital-new-work\/\"]}]},{\"@type\":\"BreadcrumbList\",\"@id\":\"https:\/\/difue.de\/en\/news\/internet\/podcast-d-wie-digital-new-work\/#breadcrumb\",\"itemListElement\":[{\"@type\":\"ListItem\",\"position\":1,\"name\":\"Startseite\",\"item\":\"https:\/\/difue.de\/en\/startseite\/\"},{\"@type\":\"ListItem\",\"position\":2,\"name\":\"Von Sinn bis Selbstbestimmung: New Work\"}]},{\"@type\":\"WebSite\",\"@id\":\"https:\/\/difue.de\/en\/#website\",\"url\":\"https:\/\/difue.de\/en\/\",\"name\":\"Digitalf\u00fchrerschein (DiF\u00fc)\",\"description\":\"\",\"publisher\":{\"@id\":\"https:\/\/difue.de\/en\/#organization\"},\"potentialAction\":[{\"@type\":\"SearchAction\",\"target\":{\"@type\":\"EntryPoint\",\"urlTemplate\":\"https:\/\/difue.de\/en\/?s={search_term_string}\"},\"query-input\":{\"@type\":\"PropertyValueSpecification\",\"valueRequired\":true,\"valueName\":\"search_term_string\"}}],\"inLanguage\":\"en-US\"},{\"@type\":\"Organization\",\"@id\":\"https:\/\/difue.de\/en\/#organization\",\"name\":\"Digitalf\u00fchrerschein (DiF\u00fc)\",\"url\":\"https:\/\/difue.de\/en\/\",\"logo\":{\"@type\":\"ImageObject\",\"inLanguage\":\"en-US\",\"@id\":\"https:\/\/difue.de\/en\/#\/schema\/logo\/image\/\",\"url\":\"https:\/\/difue.de\/app\/uploads\/2021\/09\/difue-logo.svg\",\"contentUrl\":\"https:\/\/difue.de\/app\/uploads\/2021\/09\/difue-logo.svg\",\"width\":200,\"height\":149,\"caption\":\"Digitalf\u00fchrerschein (DiF\u00fc)\"},\"image\":{\"@id\":\"https:\/\/difue.de\/en\/#\/schema\/logo\/image\/\"},\"sameAs\":[\"https:\/\/www.facebook.com\/people\/DsiN-Digitalf\u00fchrerschein-DiF\u00fc\/100079074183260\/\",\"https:\/\/www.instagram.com\/dsin_digitalfuehrerschein\/\"]},{\"@type\":\"Person\",\"@id\":\"https:\/\/difue.de\/en\/#\/schema\/person\/561da257ed73a0e0a7b309ed668c2e2f\",\"name\":\"DiF\u00fc-Redaktion\",\"image\":{\"@type\":\"ImageObject\",\"inLanguage\":\"en-US\",\"@id\":\"https:\/\/difue.de\/en\/#\/schema\/person\/image\/\",\"url\":\"https:\/\/secure.gravatar.com\/avatar\/f53ae98a098ac8e91c22c4cad6773d087e0c7938120a8a098aa93d0f488aaa56?s=96&d=mm&r=g\",\"contentUrl\":\"https:\/\/secure.gravatar.com\/avatar\/f53ae98a098ac8e91c22c4cad6773d087e0c7938120a8a098aa93d0f488aaa56?s=96&d=mm&r=g\",\"caption\":\"DiF\u00fc-Redaktion\"}}]}<\/script>\n<!-- \/ Yoast SEO Premium plugin. -->","yoast_head_json":{"title":"Von Sinn bis Selbstbestimmung: New Work &#8226; Digitalf\u00fchrerschein (DiF\u00fc)","description":"Ohne B\u00fcro, aber daf\u00fcr mit umso mehr Sinn und Selbstbestimmung? Genau das verspricht das Konzept New Work. Was es damit auf sich hat und wie es konkret aussehen kann? Ein Gespr\u00e4ch mit Paul Fenski von Neue Narrative.","robots":{"index":"index","follow":"follow","max-snippet":"max-snippet:-1","max-image-preview":"max-image-preview:large","max-video-preview":"max-video-preview:-1"},"canonical":"https:\/\/difue.de\/en\/news\/internet\/podcast-d-wie-digital-new-work\/","og_locale":"en_US","og_type":"article","og_title":"Von Sinn bis Selbstbestimmung: New Work","og_description":"Ohne B\u00fcro, aber daf\u00fcr mit umso mehr Sinn und Selbstbestimmung? Genau das verspricht das Konzept New Work. Was es damit auf sich hat und wie es konkret aussehen kann? Ein Gespr\u00e4ch mit Paul Fenski von Neue Narrative.","og_url":"https:\/\/difue.de\/en\/news\/internet\/podcast-d-wie-digital-new-work\/","og_site_name":"Digitalf\u00fchrerschein (DiF\u00fc)","article_publisher":"https:\/\/www.facebook.com\/people\/DsiN-Digitalf%c3%bchrerschein-DiF%c3%bc\/100079074183260\/","article_published_time":"2023-05-04T07:28:41+00:00","article_modified_time":"2023-05-10T09:44:23+00:00","author":"DiF\u00fc-Redaktion","twitter_card":"summary_large_image","twitter_misc":{"Written by":"DiF\u00fc-Redaktion","Est. reading time":"1 minute"},"schema":{"@context":"https:\/\/schema.org","@graph":[{"@type":"Article","@id":"https:\/\/difue.de\/en\/news\/internet\/podcast-d-wie-digital-new-work\/#article","isPartOf":{"@id":"https:\/\/difue.de\/en\/news\/internet\/podcast-d-wie-digital-new-work\/"},"author":{"name":"DiF\u00fc-Redaktion","@id":"https:\/\/difue.de\/en\/#\/schema\/person\/561da257ed73a0e0a7b309ed668c2e2f"},"headline":"Von Sinn bis Selbstbestimmung: New Work","datePublished":"2023-05-04T07:28:41+00:00","dateModified":"2023-05-10T09:44:23+00:00","mainEntityOfPage":{"@id":"https:\/\/difue.de\/en\/news\/internet\/podcast-d-wie-digital-new-work\/"},"wordCount":88,"commentCount":0,"publisher":{"@id":"https:\/\/difue.de\/en\/#organization"},"keywords":["D wie Digital","Podcast"],"articleSection":["Aktuell","Devices &amp; Tools","Internet","Podcast","Technologiealltag"],"inLanguage":"en-US"},{"@type":"WebPage","@id":"https:\/\/difue.de\/en\/news\/internet\/podcast-d-wie-digital-new-work\/","url":"https:\/\/difue.de\/en\/news\/internet\/podcast-d-wie-digital-new-work\/","name":"Von Sinn bis Selbstbestimmung: New Work &#8226; Digitalf\u00fchrerschein (DiF\u00fc)","isPartOf":{"@id":"https:\/\/difue.de\/en\/#website"},"datePublished":"2023-05-04T07:28:41+00:00","dateModified":"2023-05-10T09:44:23+00:00","description":"Ohne B\u00fcro, aber daf\u00fcr mit umso mehr Sinn und Selbstbestimmung? Genau das verspricht das Konzept New Work. Was es damit auf sich hat und wie es konkret aussehen kann? Ein Gespr\u00e4ch mit Paul Fenski von Neue Narrative.","breadcrumb":{"@id":"https:\/\/difue.de\/en\/news\/internet\/podcast-d-wie-digital-new-work\/#breadcrumb"},"inLanguage":"en-US","potentialAction":[{"@type":"ReadAction","target":["https:\/\/difue.de\/en\/news\/internet\/podcast-d-wie-digital-new-work\/"]}]},{"@type":"BreadcrumbList","@id":"https:\/\/difue.de\/en\/news\/internet\/podcast-d-wie-digital-new-work\/#breadcrumb","itemListElement":[{"@type":"ListItem","position":1,"name":"Startseite","item":"https:\/\/difue.de\/en\/startseite\/"},{"@type":"ListItem","position":2,"name":"Von Sinn bis Selbstbestimmung: New Work"}]},{"@type":"WebSite","@id":"https:\/\/difue.de\/en\/#website","url":"https:\/\/difue.de\/en\/","name":"Digitalf\u00fchrerschein (DiF\u00fc)","description":"","publisher":{"@id":"https:\/\/difue.de\/en\/#organization"},"potentialAction":[{"@type":"SearchAction","target":{"@type":"EntryPoint","urlTemplate":"https:\/\/difue.de\/en\/?s={search_term_string}"},"query-input":{"@type":"PropertyValueSpecification","valueRequired":true,"valueName":"search_term_string"}}],"inLanguage":"en-US"},{"@type":"Organization","@id":"https:\/\/difue.de\/en\/#organization","name":"Digitalf\u00fchrerschein (DiF\u00fc)","url":"https:\/\/difue.de\/en\/","logo":{"@type":"ImageObject","inLanguage":"en-US","@id":"https:\/\/difue.de\/en\/#\/schema\/logo\/image\/","url":"https:\/\/difue.de\/app\/uploads\/2021\/09\/difue-logo.svg","contentUrl":"https:\/\/difue.de\/app\/uploads\/2021\/09\/difue-logo.svg","width":200,"height":149,"caption":"Digitalf\u00fchrerschein (DiF\u00fc)"},"image":{"@id":"https:\/\/difue.de\/en\/#\/schema\/logo\/image\/"},"sameAs":["https:\/\/www.facebook.com\/people\/DsiN-Digitalf\u00fchrerschein-DiF\u00fc\/100079074183260\/","https:\/\/www.instagram.com\/dsin_digitalfuehrerschein\/"]},{"@type":"Person","@id":"https:\/\/difue.de\/en\/#\/schema\/person\/561da257ed73a0e0a7b309ed668c2e2f","name":"DiF\u00fc-Redaktion","image":{"@type":"ImageObject","inLanguage":"en-US","@id":"https:\/\/difue.de\/en\/#\/schema\/person\/image\/","url":"https:\/\/secure.gravatar.com\/avatar\/f53ae98a098ac8e91c22c4cad6773d087e0c7938120a8a098aa93d0f488aaa56?s=96&d=mm&r=g","contentUrl":"https:\/\/secure.gravatar.com\/avatar\/f53ae98a098ac8e91c22c4cad6773d087e0c7938120a8a098aa93d0f488aaa56?s=96&d=mm&r=g","caption":"DiF\u00fc-Redaktion"}}]}},"_links":{"self":[{"href":"https:\/\/difue.de\/en\/wp-json\/wp\/v2\/posts\/30836","targetHints":{"allow":["GET"]}}],"collection":[{"href":"https:\/\/difue.de\/en\/wp-json\/wp\/v2\/posts"}],"about":[{"href":"https:\/\/difue.de\/en\/wp-json\/wp\/v2\/types\/post"}],"author":[{"embeddable":true,"href":"https:\/\/difue.de\/en\/wp-json\/wp\/v2\/users\/8048"}],"replies":[{"embeddable":true,"href":"https:\/\/difue.de\/en\/wp-json\/wp\/v2\/comments?post=30836"}],"version-history":[{"count":20,"href":"https:\/\/difue.de\/en\/wp-json\/wp\/v2\/posts\/30836\/revisions"}],"predecessor-version":[{"id":31058,"href":"https:\/\/difue.de\/en\/wp-json\/wp\/v2\/posts\/30836\/revisions\/31058"}],"acf:post":[{"embeddable":true,"href":"https:\/\/difue.de\/en\/wp-json\/wp\/v2\/posts\/29293"},{"embeddable":true,"href":"https:\/\/difue.de\/en\/wp-json\/wp\/v2\/posts\/29305"},{"embeddable":true,"href":"https:\/\/difue.de\/en\/wp-json\/wp\/v2\/posts\/28417"},{"embeddable":true,"href":"https:\/\/difue.de\/en\/wp-json\/wp\/v2\/posts\/19800"},{"embeddable":true,"href":"https:\/\/difue.de\/en\/wp-json\/wp\/v2\/posts\/18420"},{"embeddable":true,"href":"https:\/\/difue.de\/en\/wp-json\/wp\/v2\/posts\/23385"},{"embeddable":true,"href":"https:\/\/difue.de\/en\/wp-json\/wp\/v2\/posts\/22029"},{"embeddable":true,"href":"https:\/\/difue.de\/en\/wp-json\/wp\/v2\/posts\/19762"},{"embeddable":true,"href":"https:\/\/difue.de\/en\/wp-json\/wp\/v2\/posts\/22856"}],"wp:attachment":[{"href":"https:\/\/difue.de\/en\/wp-json\/wp\/v2\/media?parent=30836"}],"wp:term":[{"taxonomy":"category","embeddable":true,"href":"https:\/\/difue.de\/en\/wp-json\/wp\/v2\/categories?post=30836"},{"taxonomy":"post_tag","embeddable":true,"href":"https:\/\/difue.de\/en\/wp-json\/wp\/v2\/tags?post=30836"}],"curies":[{"name":"wp","href":"https:\/\/api.w.org\/{rel}","templated":true}]}}