{"id":33923,"date":"2023-09-12T11:00:00","date_gmt":"2023-09-12T09:00:00","guid":{"rendered":"https:\/\/difue.de\/?p=33923"},"modified":"2023-09-12T10:06:06","modified_gmt":"2023-09-12T08:06:06","slug":"altgeraete-entsorgen-nachhaltig","status":"publish","type":"post","link":"https:\/\/difue.de\/en\/news\/geraete\/altgeraete-entsorgen-nachhaltig\/","title":{"rendered":"Wohin mit alten Ger\u00e4ten?"},"content":{"rendered":" <div class=\"container  post_type__post\"><div class=\"row mb-3\"><div class=\"col-12 col-lg-8 offset-lg-2\">\t\n<p>Der neue Laptop oder das neue Smartphone liegt frisch ausgepackt und vielleicht schon eingerichtet auf dem Tisch, dann wandert der Blick pl\u00f6tzlich reum\u00fctig zum Vorg\u00e4nger. Wohin nur mit \u201edem Alten\u201c? Wer erstmal \u201eab in die Schublade\u201c denkt, ist damit nicht allein. Der Branchenverband Bitkom geht auf Basis einer repr\u00e4sentativen Befragung von <a href=\"https:\/\/www.bitkom.org\/Presse\/Presseinformation\/Smartphones-Tablets-Laptops-300-Mio-Alt-Geraete-deutschen-Haushalten#_\" target=\"_blank\" rel=\"noreferrer noopener nofollow\">300 Millionen Altger\u00e4ten in deutschen Haushalten<\/a> aus \u2013 davon 210 Millionen Handys oder Smartphones, 49 Millionen Laptops und 26 Millionen Tablets. Das entspricht 135.000 Tonnen Materialgewicht.<\/p>\n<\/div><\/div><\/div>\n\n <div class=\"container  post_type__post\"><div class=\"row mb-3\"><div class=\"col-12 col-lg-8 offset-lg-2\">\t\n<p>Die Zahl habe sich in den letzten Jahren sogar deutlich vervielfacht. 2014 seien es beispielsweise noch 100 Millionen ausrangierte Handys oder Smartphones gewesen. Dabei gibt es definitiv bessere M\u00f6glichkeiten als einen Elektronik-Friedhof in der Wohnung anzulegen. Welche das sind, stellen wir nachfolgend im Einzelnen vor.<\/p>\n<\/div><\/div><\/div>\n\n <div class=\"container  post_type__post\"><div class=\"row mb-3\"><div class=\"col-12 col-lg-8 offset-lg-2\">\t\n<h2 class=\"wp-block-heading\">#1 Altger\u00e4te richtig entsorgen<\/h2>\n<\/div><\/div><\/div>\n\n <div class=\"container  post_type__post\"><div class=\"row mb-3\"><div class=\"col-12 col-lg-8 offset-lg-2\">\t\n<p>Statt zu Hause Platz zu verschwenden, sollten wirklich nicht mehr brauchbare beziehungsweise defekte Ger\u00e4te fachgerecht entsorgt werden. Elektroschrott geh\u00f6rt aber auf keinen Fall in den Hausm\u00fcll. Empfehlenswert ist der Gang zum Wertstoff- und Recyclinghof. Dort k\u00f6nnen wertvolle Bestandteile recycelt werden. Seltene Erden oder Edelmetalle (Kobalt, Silber, Kupfer, Gold und Coltan) m\u00fcssen aufwendig und zu Lasten der Umwelt gewonnen werden. Je mehr Komponenten wieder dem Wertstoffkreislauf zugef\u00fcgt werden, desto weniger m\u00fcssen neue Ressourcen abgebaut werden. Nicht wiederverwertbare Elemente wie Blei oder Quecksilber k\u00f6nnen so auch umweltschonend entsorgt werden.<\/p>\n<\/div><\/div><\/div>\n\n <div class=\"container  post_type__post\"><div class=\"row mb-3\"><div class=\"col-12 col-lg-8 offset-lg-2\">\t\n<h2 class=\"wp-block-heading\">#2 Vom Elektrogesetz Gebrauchen machen<\/h2>\n<\/div><\/div><\/div>\n\n <div class=\"container  post_type__post\"><div class=\"row mb-3\"><div class=\"col-12 col-lg-8 offset-lg-2\">\t\n<p>Alternativ zu den H\u00f6fen nehmen die Hersteller selbst sowie die gro\u00dfen Mobilfunkunternehmen Ger\u00e4te zur\u00fcck \u2013 vor Ort und auch online (z.B. <a href=\"https:\/\/www.samsung.com\/de\/support\/altgeraete-recycling\/\" target=\"_blank\" rel=\"noreferrer noopener nofollow\">Samsung<\/a>, <a href=\"https:\/\/www.vodafone.de\/hilfe\/altgeraete-recycling.html\" target=\"_blank\" rel=\"noreferrer noopener nofollow\">Vodafone<\/a>).<\/p>\n<\/div><\/div><\/div>\n\n <div class=\"container  post_type__post\"><div class=\"row mb-3\"><div class=\"col-12 col-lg-8 offset-lg-2\">\t\n<p>Seit dem 1. Januar 2022 gilt au\u00dferdem das neue Elektrogesetz, das mehr R\u00fccknahmepflichten f\u00fcr den Handel umfasst. F\u00fcr Verbraucher:innen bedeutet das: Ger\u00e4te mit einer Kantenl\u00e4nge von maximal 25 Zentimetern k\u00f6nnen kostenlos und ohne den Neukauf eines Ger\u00e4ts in Elektrofachgesch\u00e4ften, Kaufh\u00e4usern, Baum\u00e4rkten und M\u00f6belh\u00e4usern abgegeben werden. Auch der urspr\u00fcngliche Kaufort spielt keine Rolle. Superm\u00e4rkte ab einer Verkaufsfl\u00e4che von 800 Quadratmetern mit gelegentlichem Elektronikangebot m\u00fcssen ebenfalls kleinere Altger\u00e4te annehmen.<\/p>\n<\/div><\/div><\/div>\n\n <div class=\"container  post_type__post\"><div class=\"row mb-3\"><div class=\"col-12 col-lg-8 offset-lg-2\">\t\n<h2 class=\"wp-block-heading\">#3 An Freund:innen und Familie weitergeben<\/h2>\n<\/div><\/div><\/div>\n\n <div class=\"container  post_type__post\"><div class=\"row mb-3\"><div class=\"col-12 col-lg-8 offset-lg-2\">\t\n<p>Das alte Handy ist eigentlich noch gut in Schuss? Dann findet es wom\u00f6glich bei Freund:innen oder innerhalb der Familie noch Verwendung. Eine <a href=\"https:\/\/www.allianz-trade.de\/presse\/pressemitteilungen\/studie-smartphone-industrie-umsaetze-gefaehrdet.html\" target=\"_blank\" rel=\"noreferrer noopener nofollow\" class=\"broken_link\">Studie des Kreditversicherers Euler Hermes<\/a> (jetzt Allianz Trade) ergab, dass sich die Nutzungsdauer von Smartphones in Westeuropa im Vergleich zu 2016 um 24% verl\u00e4ngert hat. Demnach tauschen \u201eEurop\u00e4er ihre Ger\u00e4te aktuell durchschnittlich nach rund 40 Monaten\u201c. In den USA liege der Wert bei 24 Monaten, doch auch hier habe sich eine Verl\u00e4ngerung der Austauschzyklen bemerkbar gemacht. Wird das Altger\u00e4t dann in zweiter oder dritter Hand genutzt, verbessert das die \u00d6kobilanz noch weiter. Neben dem eigenen Umfeld gibt es eine ganze Reihe an Stellen, die f\u00fcr Altger\u00e4te in Frage kommen.<\/p>\n<\/div><\/div><\/div>\n\n <div class=\"container  post_type__post\"><div class=\"row mb-3\"><div class=\"col-12 col-lg-8 offset-lg-2\">\t\n<h2 class=\"wp-block-heading\">#4 Online oder im Laden verkaufen<\/h2>\n<\/div><\/div><\/div>\n\n <div class=\"container  post_type__post\"><div class=\"row mb-3\"><div class=\"col-12 col-lg-8 offset-lg-2\">\t\n<p>Viele Onlineh\u00e4ndler haben sich darauf spezialisiert, gebrauchte Technik aufzukaufen und aufzubereiten. In sozialen Netzwerken oder Kleinanzeigen-Portalen finden sich auch regelm\u00e4\u00dfig Hobby-Bastler oder gewerbliche Nutzer:innen, die f\u00fcr \u00e4ltere Modelle bezahlen. Allzu hohe Erwartungen sollte man an den Erl\u00f6s jedoch nicht haben. Orientieren kann man sich an anderen Anzeigen im Netz. Doch nicht nur im Internet gibt es Interessenten, auch der private Handy-Shop um die Ecke hat wom\u00f6glich Bedarf. Manche Hersteller bieten ein sogenanntes Trade-in-Programm, bei dem vom Neukaufpreis der Wert des alten Ger\u00e4ts abgezogen wird (z.B. <a href=\"https:\/\/www.apple.com\/de\/shop\/trade-in\" target=\"_blank\" rel=\"noreferrer noopener nofollow\">Apple<\/a>).<\/p>\n<\/div><\/div><\/div>\n\n <div class=\"container  post_type__post\"><div class=\"row mb-3\"><div class=\"col-12 col-lg-8 offset-lg-2\">\t\n<h2 class=\"wp-block-heading\">#5 An Organisationen und Einrichtungen spenden<\/h2>\n<\/div><\/div><\/div>\n\n <div class=\"container  post_type__post\"><div class=\"row mb-3\"><div class=\"col-12 col-lg-8 offset-lg-2\">\t\n<p>Viele gemeinn\u00fctzige Initiativen und Verb\u00e4nde erzielen \u00fcber Ger\u00e4tespenden Erl\u00f6se f\u00fcr Projektarbeiten oder sorgen daf\u00fcr, dass die Technik weiterverwendet wird. Eine Auswahl listen wir hier auf:<\/p>\n<\/div><\/div><\/div>\n\n <div class=\"container  post_type__post\"><div class=\"row mb-3\"><div class=\"col-12 col-lg-8 offset-lg-2\">\t\n<p>\u201eHandys f\u00fcr die Umwelt\u201c von der Deutschen Umwelthilfe<\/p>\n<\/div><\/div><\/div>\n\n <div class=\"container  post_type__post\"><div class=\"row mb-3\"><div class=\"col-12 col-lg-8 offset-lg-2\">\t\n<p>ReUse Notebook<\/p>\n<\/div><\/div><\/div>\n\n <div class=\"container  post_type__post\"><div class=\"row mb-3\"><div class=\"col-12 col-lg-8 offset-lg-2\">\t\n<p>Labdoo.org<\/p>\n<\/div><\/div><\/div>\n\n <div class=\"container  post_type__post\"><div class=\"row mb-3\"><div class=\"col-12 col-lg-8 offset-lg-2\">\t\n<p><a href=\"https:\/\/heyalter.com\/\" target=\"_blank\" rel=\"noreferrer noopener nofollow\">Hey, Alter!<\/a><\/p>\n<\/div><\/div><\/div>\n\n\n<section class=\"block__cta text-align-center mb-6\">\n\t<div class=\"container\">\n\t\t<div class=\"row\">\n\t\t\t<div class=\"col-12 col-lg-4 offset-lg-4\">\n\t\t\t\t<a href=\"https:\/\/difue.de\/lernzentrale\/?mtm_source=n&#038;mtm_medium=o&#038;mtm_placement=ctau\"><div class=\"block__cta__cta_wrapper fw-bold \">\n\t\t\t\t\tJetzt beim DiF\u00fc anmelden!\t\t\t\t<\/div><\/a>\n\t\t\t<\/div>\n\t\t<\/div>\n\t\t\t\t\t<div class=\"row mt-6\">\n\t\t\t\t<div class=\"col-12 col-lg-4 offset-lg-4\">\n\t\t\t\t\t<div class=\"block__cta__text_wrapper\">\n\t\t\t\t\t\tMehr praktische Tipps und Anregungen rund um digitale Themen bietet der Digitalf\u00fchrerschein (DiF\u00fc). Jetzt kostenfrei anmelden und Digital-Wissen zertifizieren lassen!\t\t\t\t\t<\/div>\n\t\t\t\t<\/div>\n\t\t\t<\/div>\n\t\t\t<\/div>\n<\/section>\n\n\n <div class=\"container  post_type__post\"><div class=\"row mb-3\"><div class=\"col-12 col-lg-8 offset-lg-2\">\t\n<p><strong>Artikelbild: Girl with red hat <a href=\"https:\/\/unsplash.com\/de\/fotos\/ma2ur_ld0ko\" target=\"_blank\" rel=\"noreferrer noopener nofollow\">via unsplash.com<\/a><\/strong><\/p>\n<\/div><\/div><\/div>","protected":false},"excerpt":{"rendered":"<p>Der neue Laptop oder das neue Smartphone liegt frisch ausgepackt und vielleicht schon eingerichtet auf dem Tisch, dann wandert der [&hellip;]<\/p>\n","protected":false},"author":39,"featured_media":0,"comment_status":"open","ping_status":"open","sticky":false,"template":"","format":"standard","meta":{"_acf_changed":false,"inline_featured_image":false,"footnotes":""},"categories":[453,9],"tags":[264],"class_list":["post-33923","post","type-post","status-publish","format-standard","hentry","category-devices-tools","category-geraete","tag-geraete"],"acf":{"show_similar_posts":"Ja","similar_posts":"","sleeve":"","kicker":"Richtig ausmisten","bild":33927,"bildunterschrift":"Alte Nokia Handys vor wei\u00dfem Hinterrgund","anreisser":"Verkaufen? Spenden? Oder doch entsorgen \u2013 aber wie? Wer alte Technik sicher und nachhaltig loswerden will, hat einige M\u00f6glichkeiten. Wir stellen f\u00fcnf davon vor.","podcast":"","video":""},"yoast_head":"<!-- This site is optimized with the Yoast SEO Premium plugin v22.4 (Yoast SEO v24.7) - https:\/\/yoast.com\/wordpress\/plugins\/seo\/ -->\n<title>Wohin mit alten Ger\u00e4ten? &#8226; Digitalf\u00fchrerschein (DiF\u00fc)<\/title>\n<meta name=\"description\" content=\"Verkaufen? Spenden? Oder doch entsorgen \u2013 aber wie? Wer alte Technik sicher und nachhaltig loswerden will, hat einige M\u00f6glichkeiten. Wir stellen f\u00fcnf davon vor.\" \/>\n<meta name=\"robots\" content=\"index, follow, max-snippet:-1, max-image-preview:large, max-video-preview:-1\" \/>\n<link rel=\"canonical\" href=\"https:\/\/difue.de\/en\/news\/geraete\/altgeraete-entsorgen-nachhaltig\/\" \/>\n<meta property=\"og:locale\" content=\"en_US\" \/>\n<meta property=\"og:type\" content=\"article\" \/>\n<meta property=\"og:title\" content=\"Wohin mit alten Ger\u00e4ten?\" \/>\n<meta property=\"og:description\" content=\"Verkaufen? Spenden? Oder doch entsorgen \u2013 aber wie? Wer alte Technik sicher und nachhaltig loswerden will, hat einige M\u00f6glichkeiten. Wir stellen f\u00fcnf davon vor.\" \/>\n<meta property=\"og:url\" content=\"https:\/\/difue.de\/en\/news\/geraete\/altgeraete-entsorgen-nachhaltig\/\" \/>\n<meta property=\"og:site_name\" content=\"Digitalf\u00fchrerschein (DiF\u00fc)\" \/>\n<meta property=\"article:publisher\" content=\"https:\/\/www.facebook.com\/people\/DsiN-Digitalf%c3%bchrerschein-DiF%c3%bc\/100079074183260\/\" \/>\n<meta property=\"article:published_time\" content=\"2023-09-12T09:00:00+00:00\" \/>\n<meta property=\"og:image\" content=\"https:\/\/difue.de\/app\/uploads\/2023\/09\/altgerate-artikel-bild.jpg\" \/><meta property=\"og:image:width\" content=\"1080\" \/><meta property=\"og:image:height\" content=\"736\" \/><meta property=\"og:image:type\" content=\"image\/jpeg\" \/>\n<meta name=\"author\" content=\"Daniel Lehmann\" \/>\n<meta name=\"twitter:card\" content=\"summary_large_image\" \/>\n<meta name=\"twitter:label1\" content=\"Written by\" \/>\n\t<meta name=\"twitter:data1\" content=\"Daniel Lehmann\" \/>\n\t<meta name=\"twitter:label2\" content=\"Est. reading time\" \/>\n\t<meta name=\"twitter:data2\" content=\"4 minutes\" \/>\n<script type=\"application\/ld+json\" class=\"yoast-schema-graph\">{\"@context\":\"https:\/\/schema.org\",\"@graph\":[{\"@type\":\"Article\",\"@id\":\"https:\/\/difue.de\/en\/news\/geraete\/altgeraete-entsorgen-nachhaltig\/#article\",\"isPartOf\":{\"@id\":\"https:\/\/difue.de\/en\/news\/geraete\/altgeraete-entsorgen-nachhaltig\/\"},\"author\":{\"name\":\"Daniel Lehmann\",\"@id\":\"https:\/\/difue.de\/en\/#\/schema\/person\/76751921f49f6d4baef87b62efe2fea0\"},\"headline\":\"Wohin mit alten Ger\u00e4ten?\",\"datePublished\":\"2023-09-12T09:00:00+00:00\",\"mainEntityOfPage\":{\"@id\":\"https:\/\/difue.de\/en\/news\/geraete\/altgeraete-entsorgen-nachhaltig\/\"},\"wordCount\":617,\"commentCount\":0,\"publisher\":{\"@id\":\"https:\/\/difue.de\/en\/#organization\"},\"keywords\":[\"Ger\u00e4te\"],\"articleSection\":[\"Devices &amp; Tools\",\"Ger\u00e4te &amp; Tools\"],\"inLanguage\":\"en-US\"},{\"@type\":\"WebPage\",\"@id\":\"https:\/\/difue.de\/en\/news\/geraete\/altgeraete-entsorgen-nachhaltig\/\",\"url\":\"https:\/\/difue.de\/en\/news\/geraete\/altgeraete-entsorgen-nachhaltig\/\",\"name\":\"Wohin mit alten Ger\u00e4ten? &#8226; Digitalf\u00fchrerschein (DiF\u00fc)\",\"isPartOf\":{\"@id\":\"https:\/\/difue.de\/en\/#website\"},\"datePublished\":\"2023-09-12T09:00:00+00:00\",\"description\":\"Verkaufen? Spenden? Oder doch entsorgen \u2013 aber wie? Wer alte Technik sicher und nachhaltig loswerden will, hat einige M\u00f6glichkeiten. Wir stellen f\u00fcnf davon vor.\",\"breadcrumb\":{\"@id\":\"https:\/\/difue.de\/en\/news\/geraete\/altgeraete-entsorgen-nachhaltig\/#breadcrumb\"},\"inLanguage\":\"en-US\",\"potentialAction\":[{\"@type\":\"ReadAction\",\"target\":[\"https:\/\/difue.de\/en\/news\/geraete\/altgeraete-entsorgen-nachhaltig\/\"]}]},{\"@type\":\"BreadcrumbList\",\"@id\":\"https:\/\/difue.de\/en\/news\/geraete\/altgeraete-entsorgen-nachhaltig\/#breadcrumb\",\"itemListElement\":[{\"@type\":\"ListItem\",\"position\":1,\"name\":\"Startseite\",\"item\":\"https:\/\/difue.de\/en\/startseite\/\"},{\"@type\":\"ListItem\",\"position\":2,\"name\":\"Wohin mit alten Ger\u00e4ten?\"}]},{\"@type\":\"WebSite\",\"@id\":\"https:\/\/difue.de\/en\/#website\",\"url\":\"https:\/\/difue.de\/en\/\",\"name\":\"Digitalf\u00fchrerschein (DiF\u00fc)\",\"description\":\"\",\"publisher\":{\"@id\":\"https:\/\/difue.de\/en\/#organization\"},\"potentialAction\":[{\"@type\":\"SearchAction\",\"target\":{\"@type\":\"EntryPoint\",\"urlTemplate\":\"https:\/\/difue.de\/en\/?s={search_term_string}\"},\"query-input\":{\"@type\":\"PropertyValueSpecification\",\"valueRequired\":true,\"valueName\":\"search_term_string\"}}],\"inLanguage\":\"en-US\"},{\"@type\":\"Organization\",\"@id\":\"https:\/\/difue.de\/en\/#organization\",\"name\":\"Digitalf\u00fchrerschein (DiF\u00fc)\",\"url\":\"https:\/\/difue.de\/en\/\",\"logo\":{\"@type\":\"ImageObject\",\"inLanguage\":\"en-US\",\"@id\":\"https:\/\/difue.de\/en\/#\/schema\/logo\/image\/\",\"url\":\"https:\/\/difue.de\/app\/uploads\/2021\/09\/difue-logo.svg\",\"contentUrl\":\"https:\/\/difue.de\/app\/uploads\/2021\/09\/difue-logo.svg\",\"width\":200,\"height\":149,\"caption\":\"Digitalf\u00fchrerschein (DiF\u00fc)\"},\"image\":{\"@id\":\"https:\/\/difue.de\/en\/#\/schema\/logo\/image\/\"},\"sameAs\":[\"https:\/\/www.facebook.com\/people\/DsiN-Digitalf\u00fchrerschein-DiF\u00fc\/100079074183260\/\",\"https:\/\/www.instagram.com\/dsin_digitalfuehrerschein\/\"]},{\"@type\":\"Person\",\"@id\":\"https:\/\/difue.de\/en\/#\/schema\/person\/76751921f49f6d4baef87b62efe2fea0\",\"name\":\"Daniel Lehmann\",\"image\":{\"@type\":\"ImageObject\",\"inLanguage\":\"en-US\",\"@id\":\"https:\/\/difue.de\/en\/#\/schema\/person\/image\/\",\"url\":\"https:\/\/secure.gravatar.com\/avatar\/edb3f15d1c29438ef66ffe530577050eb36eb8b46646b2b113f30c3092dd99fd?s=96&d=mm&r=g\",\"contentUrl\":\"https:\/\/secure.gravatar.com\/avatar\/edb3f15d1c29438ef66ffe530577050eb36eb8b46646b2b113f30c3092dd99fd?s=96&d=mm&r=g\",\"caption\":\"Daniel Lehmann\"}}]}<\/script>\n<!-- \/ Yoast SEO Premium plugin. -->","yoast_head_json":{"title":"Wohin mit alten Ger\u00e4ten? &#8226; Digitalf\u00fchrerschein (DiF\u00fc)","description":"Verkaufen? Spenden? Oder doch entsorgen \u2013 aber wie? Wer alte Technik sicher und nachhaltig loswerden will, hat einige M\u00f6glichkeiten. Wir stellen f\u00fcnf davon vor.","robots":{"index":"index","follow":"follow","max-snippet":"max-snippet:-1","max-image-preview":"max-image-preview:large","max-video-preview":"max-video-preview:-1"},"canonical":"https:\/\/difue.de\/en\/news\/geraete\/altgeraete-entsorgen-nachhaltig\/","og_locale":"en_US","og_type":"article","og_title":"Wohin mit alten Ger\u00e4ten?","og_description":"Verkaufen? Spenden? Oder doch entsorgen \u2013 aber wie? Wer alte Technik sicher und nachhaltig loswerden will, hat einige M\u00f6glichkeiten. Wir stellen f\u00fcnf davon vor.","og_url":"https:\/\/difue.de\/en\/news\/geraete\/altgeraete-entsorgen-nachhaltig\/","og_site_name":"Digitalf\u00fchrerschein (DiF\u00fc)","article_publisher":"https:\/\/www.facebook.com\/people\/DsiN-Digitalf%c3%bchrerschein-DiF%c3%bc\/100079074183260\/","article_published_time":"2023-09-12T09:00:00+00:00","author":"Daniel Lehmann","twitter_card":"summary_large_image","twitter_misc":{"Written by":"Daniel Lehmann","Est. reading time":"4 minutes"},"schema":{"@context":"https:\/\/schema.org","@graph":[{"@type":"Article","@id":"https:\/\/difue.de\/en\/news\/geraete\/altgeraete-entsorgen-nachhaltig\/#article","isPartOf":{"@id":"https:\/\/difue.de\/en\/news\/geraete\/altgeraete-entsorgen-nachhaltig\/"},"author":{"name":"Daniel Lehmann","@id":"https:\/\/difue.de\/en\/#\/schema\/person\/76751921f49f6d4baef87b62efe2fea0"},"headline":"Wohin mit alten Ger\u00e4ten?","datePublished":"2023-09-12T09:00:00+00:00","mainEntityOfPage":{"@id":"https:\/\/difue.de\/en\/news\/geraete\/altgeraete-entsorgen-nachhaltig\/"},"wordCount":617,"commentCount":0,"publisher":{"@id":"https:\/\/difue.de\/en\/#organization"},"keywords":["Ger\u00e4te"],"articleSection":["Devices &amp; Tools","Ger\u00e4te &amp; Tools"],"inLanguage":"en-US"},{"@type":"WebPage","@id":"https:\/\/difue.de\/en\/news\/geraete\/altgeraete-entsorgen-nachhaltig\/","url":"https:\/\/difue.de\/en\/news\/geraete\/altgeraete-entsorgen-nachhaltig\/","name":"Wohin mit alten Ger\u00e4ten? &#8226; Digitalf\u00fchrerschein (DiF\u00fc)","isPartOf":{"@id":"https:\/\/difue.de\/en\/#website"},"datePublished":"2023-09-12T09:00:00+00:00","description":"Verkaufen? Spenden? Oder doch entsorgen \u2013 aber wie? Wer alte Technik sicher und nachhaltig loswerden will, hat einige M\u00f6glichkeiten. Wir stellen f\u00fcnf davon vor.","breadcrumb":{"@id":"https:\/\/difue.de\/en\/news\/geraete\/altgeraete-entsorgen-nachhaltig\/#breadcrumb"},"inLanguage":"en-US","potentialAction":[{"@type":"ReadAction","target":["https:\/\/difue.de\/en\/news\/geraete\/altgeraete-entsorgen-nachhaltig\/"]}]},{"@type":"BreadcrumbList","@id":"https:\/\/difue.de\/en\/news\/geraete\/altgeraete-entsorgen-nachhaltig\/#breadcrumb","itemListElement":[{"@type":"ListItem","position":1,"name":"Startseite","item":"https:\/\/difue.de\/en\/startseite\/"},{"@type":"ListItem","position":2,"name":"Wohin mit alten Ger\u00e4ten?"}]},{"@type":"WebSite","@id":"https:\/\/difue.de\/en\/#website","url":"https:\/\/difue.de\/en\/","name":"Digitalf\u00fchrerschein (DiF\u00fc)","description":"","publisher":{"@id":"https:\/\/difue.de\/en\/#organization"},"potentialAction":[{"@type":"SearchAction","target":{"@type":"EntryPoint","urlTemplate":"https:\/\/difue.de\/en\/?s={search_term_string}"},"query-input":{"@type":"PropertyValueSpecification","valueRequired":true,"valueName":"search_term_string"}}],"inLanguage":"en-US"},{"@type":"Organization","@id":"https:\/\/difue.de\/en\/#organization","name":"Digitalf\u00fchrerschein (DiF\u00fc)","url":"https:\/\/difue.de\/en\/","logo":{"@type":"ImageObject","inLanguage":"en-US","@id":"https:\/\/difue.de\/en\/#\/schema\/logo\/image\/","url":"https:\/\/difue.de\/app\/uploads\/2021\/09\/difue-logo.svg","contentUrl":"https:\/\/difue.de\/app\/uploads\/2021\/09\/difue-logo.svg","width":200,"height":149,"caption":"Digitalf\u00fchrerschein (DiF\u00fc)"},"image":{"@id":"https:\/\/difue.de\/en\/#\/schema\/logo\/image\/"},"sameAs":["https:\/\/www.facebook.com\/people\/DsiN-Digitalf\u00fchrerschein-DiF\u00fc\/100079074183260\/","https:\/\/www.instagram.com\/dsin_digitalfuehrerschein\/"]},{"@type":"Person","@id":"https:\/\/difue.de\/en\/#\/schema\/person\/76751921f49f6d4baef87b62efe2fea0","name":"Daniel Lehmann","image":{"@type":"ImageObject","inLanguage":"en-US","@id":"https:\/\/difue.de\/en\/#\/schema\/person\/image\/","url":"https:\/\/secure.gravatar.com\/avatar\/edb3f15d1c29438ef66ffe530577050eb36eb8b46646b2b113f30c3092dd99fd?s=96&d=mm&r=g","contentUrl":"https:\/\/secure.gravatar.com\/avatar\/edb3f15d1c29438ef66ffe530577050eb36eb8b46646b2b113f30c3092dd99fd?s=96&d=mm&r=g","caption":"Daniel Lehmann"}}]}},"_links":{"self":[{"href":"https:\/\/difue.de\/en\/wp-json\/wp\/v2\/posts\/33923","targetHints":{"allow":["GET"]}}],"collection":[{"href":"https:\/\/difue.de\/en\/wp-json\/wp\/v2\/posts"}],"about":[{"href":"https:\/\/difue.de\/en\/wp-json\/wp\/v2\/types\/post"}],"author":[{"embeddable":true,"href":"https:\/\/difue.de\/en\/wp-json\/wp\/v2\/users\/39"}],"replies":[{"embeddable":true,"href":"https:\/\/difue.de\/en\/wp-json\/wp\/v2\/comments?post=33923"}],"version-history":[{"count":15,"href":"https:\/\/difue.de\/en\/wp-json\/wp\/v2\/posts\/33923\/revisions"}],"predecessor-version":[{"id":33957,"href":"https:\/\/difue.de\/en\/wp-json\/wp\/v2\/posts\/33923\/revisions\/33957"}],"wp:attachment":[{"href":"https:\/\/difue.de\/en\/wp-json\/wp\/v2\/media?parent=33923"}],"wp:term":[{"taxonomy":"category","embeddable":true,"href":"https:\/\/difue.de\/en\/wp-json\/wp\/v2\/categories?post=33923"},{"taxonomy":"post_tag","embeddable":true,"href":"https:\/\/difue.de\/en\/wp-json\/wp\/v2\/tags?post=33923"}],"curies":[{"name":"wp","href":"https:\/\/api.w.org\/{rel}","templated":true}]}}