{"id":33959,"date":"2023-09-14T10:45:00","date_gmt":"2023-09-14T08:45:00","guid":{"rendered":"https:\/\/difue.de\/?p=33959"},"modified":"2023-09-14T10:44:18","modified_gmt":"2023-09-14T08:44:18","slug":"digitalisierung-nachhaltigkeit-dr-maike-gossen","status":"publish","type":"post","link":"https:\/\/difue.de\/en\/podcast\/podcast-technologiealltag\/digitalisierung-nachhaltigkeit-dr-maike-gossen\/","title":{"rendered":"Digitalisierung: eine Chance f\u00fcr nachhaltigen Konsum?"},"content":{"rendered":" <div class=\"container  post_type__post\"><div class=\"row mb-3\"><div class=\"col-12 col-lg-8 offset-lg-2\">\t\n<p>Das Thema Digitalisierung ist aus unserem Leben kaum mehr wegzudenken \u2013 gleichzeitig r\u00fccken Diskussionen rund um Nachhaltigkeit immer mehr in den gesellschaftlichen und politischen Mainstream. Passt das zusammen? Was hat das eine \u00fcberhaupt mit dem anderen zu tun? Und \u2013 falls es nachhaltigen Konsum gibt \u2013 wer ist daf\u00fcr verantwortlich? In der neuen Folge \u201eD wie Digital\u201c ist Dr. Maike Gossen zu Gast. Ein Gespr\u00e4ch \u00fcber Suchmaschinen, Shopping und die Sustainable Development Goals.<\/p>\n<\/div><\/div><\/div>\n\n\n<section class=\"block__text_with_image_box mb-0\">\n\t<div class=\"container\">\n\t\t<div class=\"row mb-3 mb-lg-7\">\n\t\t\t<div class=\"col-12 col-lg-8 offset-lg-2\">\n\n\t\t\t\t<div class=\"block__text_with_image_box__content_wrapper\">\n\n\t\t\t\t\t<div class=\"block__text_with_image_box__info_box_wrapper col-12 col-lg-6 float-lg-end pb-4\">\n\t\t\t\t\t\t<div class=\"block__text_with_image_box__info_box\">\n\t\t\t\t\t\t\t<img decoding=\"async\" src=\"https:\/\/difue.de\/app\/uploads\/2023\/09\/Maike-Gossen-Gordon-Welters-scaled.jpg\"\n\t\t\t\t\t\t\t\t class=\"w-100\"\n\t\t\t\t\t\t\t\talt=\"\" title=\"\"\t\t\t\t\t\t\t>\n\t\t\t\t\t\t\t<div class=\"p-4\">\n\t\t\t\t\t\t\t\t\t\t\t\t\t\t\t\t<div class=\"block__text_with_image_box__text_wrapper\">\n\t\t\t\t\t\t\t\t\t<p>Dr. Maike Gossen, Koordinatorin des Projektverbundes Green Consumption Assistant.<\/p>\n\t\t\t\t\t\t\t\t<\/div>\n\t\t\t\t\t\t\t<\/div>\n\t\t\t\t\t\t<\/div>\n\t\t\t\t\t<\/div>\n\t\t\t\t\t<p>Der Podcast \u201eD wie Digital\u201c erscheint monatlich. In jeder Folge geht es um andere, spannende Themen aus dem digitalen Alltag. Wir sprechen mit wechselnden Interview-Partner:innen \u00fcber Algorithmen und Erpressersoftware, Online-Shopping und Social Media, das Darknet, K\u00fcnstliche Intelligenz und die Zukunft des Internets. Kurzweilig, informativ, unterhaltsam. Neue Folgen finden Sie direkt hier bei DiF\u00fc-News, in der DiF\u00fc-App und auf allen bekannten Podcast-Plattformen. Verpassen Sie keine neue Folge von \u201eD wie Digital\u201c und klicken Sie im Podcast-Player direkt auf \u201eAbonnieren\u201c.<\/p>\n\n\t\t\t\t<\/div>\n\n\t\t\t<\/div>\n\t\t<\/div>\n\t<\/div>\n<\/section>\n\n\n <div class=\"container  post_type__post\"><div class=\"row mb-3\"><div class=\"col-12 col-lg-8 offset-lg-2\">\t\n<p><strong>Artikelbild: <\/strong>Danist Soh via <a href=\"https:\/\/unsplash.com\/de\/fotos\/n-3Pn7Ybe-s\" target=\"_blank\" rel=\"noreferrer noopener nofollow\">unsplash.com<\/a><\/p>\n<\/div><\/div><\/div>\n\n <div class=\"container  post_type__post\"><div class=\"row mb-3\"><div class=\"col-12 col-lg-8 offset-lg-2\">\t\n<p><strong>Bild Dr. Maike Gossen: Gordon Welters<\/strong><\/p>\n<\/div><\/div><\/div>","protected":false},"excerpt":{"rendered":"<p>Das Thema Digitalisierung ist aus unserem Leben kaum mehr wegzudenken \u2013 gleichzeitig r\u00fccken Diskussionen rund um Nachhaltigkeit immer mehr in [&hellip;]<\/p>\n","protected":false},"author":8048,"featured_media":0,"comment_status":"open","ping_status":"open","sticky":false,"template":"","format":"standard","meta":{"_acf_changed":false,"inline_featured_image":false,"footnotes":""},"categories":[453,398,302],"tags":[218,422,217,423],"class_list":["post-33959","post","type-post","status-publish","format-standard","hentry","category-devices-tools","category-podcast-news","category-podcast-technologiealltag","tag-d-wie-digital","tag-digitale-verwaltung","tag-podcast","tag-verwaltung"],"acf":{"show_similar_posts":"Ja","similar_posts":[22856,19762,22029,23385,18420,19800,28417,29305,29293,17235,33000,15378,33657,33826,34226],"sleeve":"","kicker":"Podcast \u201eD wie Digital\u201c","bild":33977,"bildunterschrift":"Der lange Weg zur Nachhaltigkeit","anreisser":"Was hat Digitalisierung eigentlich mit Nachhaltigkeit zu tun? Ein Gespr\u00e4ch mit Dr. Maike Gossen \u00fcber Greenwashing und echte Alternativen.","podcast":"<script class=\"podigee-podcast-player\" src=\"https:\/\/player.podigee-cdn.net\/podcast-player\/javascripts\/podigee-podcast-player.js\" data-configuration=\"https:\/\/dwiedigital.podigee.io\/20-alles-nachhaltig-oder-was\/embed?context=external&token=bUI9w8TeWdEAMgmxh6FttQ\"><\/script>","video":""},"yoast_head":"<!-- This site is optimized with the Yoast SEO Premium plugin v22.4 (Yoast SEO v24.7) - https:\/\/yoast.com\/wordpress\/plugins\/seo\/ -->\n<title>Digitalisierung: eine Chance f\u00fcr nachhaltigen Konsum? &#8226; Digitalf\u00fchrerschein (DiF\u00fc)<\/title>\n<meta name=\"description\" content=\"Was hat Digitalisierung eigentlich mit Nachhaltigkeit zu tun? Ein Gespr\u00e4ch mit Dr. Maike Gossen \u00fcber Greenwashing und echte Alternativen.\" \/>\n<meta name=\"robots\" content=\"index, follow, max-snippet:-1, max-image-preview:large, max-video-preview:-1\" \/>\n<link rel=\"canonical\" href=\"https:\/\/difue.de\/en\/podcast\/podcast-technologiealltag\/digitalisierung-nachhaltigkeit-dr-maike-gossen\/\" \/>\n<meta property=\"og:locale\" content=\"en_US\" \/>\n<meta property=\"og:type\" content=\"article\" \/>\n<meta property=\"og:title\" content=\"Digitalisierung: eine Chance f\u00fcr nachhaltigen Konsum?\" \/>\n<meta property=\"og:description\" content=\"Was hat Digitalisierung eigentlich mit Nachhaltigkeit zu tun? Ein Gespr\u00e4ch mit Dr. Maike Gossen \u00fcber Greenwashing und echte Alternativen.\" \/>\n<meta property=\"og:url\" content=\"https:\/\/difue.de\/en\/podcast\/podcast-technologiealltag\/digitalisierung-nachhaltigkeit-dr-maike-gossen\/\" \/>\n<meta property=\"og:site_name\" content=\"Digitalf\u00fchrerschein (DiF\u00fc)\" \/>\n<meta property=\"article:publisher\" content=\"https:\/\/www.facebook.com\/people\/DsiN-Digitalf%c3%bchrerschein-DiF%c3%bc\/100079074183260\/\" \/>\n<meta property=\"article:published_time\" content=\"2023-09-14T08:45:00+00:00\" \/>\n<meta property=\"og:image\" content=\"https:\/\/difue.de\/app\/uploads\/2023\/09\/digitalisierung-podcast.jpg\" \/><meta property=\"og:image:width\" content=\"960\" \/><meta property=\"og:image:height\" content=\"1112\" \/><meta property=\"og:image:type\" content=\"image\/jpeg\" \/>\n<meta name=\"author\" content=\"DiF\u00fc-Redaktion\" \/>\n<meta name=\"twitter:card\" content=\"summary_large_image\" \/>\n<meta name=\"twitter:label1\" content=\"Written by\" \/>\n\t<meta name=\"twitter:data1\" content=\"DiF\u00fc-Redaktion\" \/>\n\t<meta name=\"twitter:label2\" content=\"Est. reading time\" \/>\n\t<meta name=\"twitter:data2\" content=\"1 minute\" \/>\n<script type=\"application\/ld+json\" class=\"yoast-schema-graph\">{\"@context\":\"https:\/\/schema.org\",\"@graph\":[{\"@type\":\"Article\",\"@id\":\"https:\/\/difue.de\/en\/podcast\/podcast-technologiealltag\/digitalisierung-nachhaltigkeit-dr-maike-gossen\/#article\",\"isPartOf\":{\"@id\":\"https:\/\/difue.de\/en\/podcast\/podcast-technologiealltag\/digitalisierung-nachhaltigkeit-dr-maike-gossen\/\"},\"author\":{\"name\":\"DiF\u00fc-Redaktion\",\"@id\":\"https:\/\/difue.de\/en\/#\/schema\/person\/561da257ed73a0e0a7b309ed668c2e2f\"},\"headline\":\"Digitalisierung: eine Chance f\u00fcr nachhaltigen Konsum?\",\"datePublished\":\"2023-09-14T08:45:00+00:00\",\"mainEntityOfPage\":{\"@id\":\"https:\/\/difue.de\/en\/podcast\/podcast-technologiealltag\/digitalisierung-nachhaltigkeit-dr-maike-gossen\/\"},\"wordCount\":92,\"commentCount\":0,\"publisher\":{\"@id\":\"https:\/\/difue.de\/en\/#organization\"},\"keywords\":[\"D wie Digital\",\"Digitale Verwaltung\",\"Podcast\",\"Verwaltung\"],\"articleSection\":[\"Devices &amp; Tools\",\"Podcast\",\"Technologiealltag\"],\"inLanguage\":\"en-US\"},{\"@type\":\"WebPage\",\"@id\":\"https:\/\/difue.de\/en\/podcast\/podcast-technologiealltag\/digitalisierung-nachhaltigkeit-dr-maike-gossen\/\",\"url\":\"https:\/\/difue.de\/en\/podcast\/podcast-technologiealltag\/digitalisierung-nachhaltigkeit-dr-maike-gossen\/\",\"name\":\"Digitalisierung: eine Chance f\u00fcr nachhaltigen Konsum? &#8226; Digitalf\u00fchrerschein (DiF\u00fc)\",\"isPartOf\":{\"@id\":\"https:\/\/difue.de\/en\/#website\"},\"datePublished\":\"2023-09-14T08:45:00+00:00\",\"description\":\"Was hat Digitalisierung eigentlich mit Nachhaltigkeit zu tun? Ein Gespr\u00e4ch mit Dr. Maike Gossen \u00fcber Greenwashing und echte Alternativen.\",\"breadcrumb\":{\"@id\":\"https:\/\/difue.de\/en\/podcast\/podcast-technologiealltag\/digitalisierung-nachhaltigkeit-dr-maike-gossen\/#breadcrumb\"},\"inLanguage\":\"en-US\",\"potentialAction\":[{\"@type\":\"ReadAction\",\"target\":[\"https:\/\/difue.de\/en\/podcast\/podcast-technologiealltag\/digitalisierung-nachhaltigkeit-dr-maike-gossen\/\"]}]},{\"@type\":\"BreadcrumbList\",\"@id\":\"https:\/\/difue.de\/en\/podcast\/podcast-technologiealltag\/digitalisierung-nachhaltigkeit-dr-maike-gossen\/#breadcrumb\",\"itemListElement\":[{\"@type\":\"ListItem\",\"position\":1,\"name\":\"Startseite\",\"item\":\"https:\/\/difue.de\/en\/startseite\/\"},{\"@type\":\"ListItem\",\"position\":2,\"name\":\"Digitalisierung: eine Chance f\u00fcr nachhaltigen Konsum?\"}]},{\"@type\":\"WebSite\",\"@id\":\"https:\/\/difue.de\/en\/#website\",\"url\":\"https:\/\/difue.de\/en\/\",\"name\":\"Digitalf\u00fchrerschein (DiF\u00fc)\",\"description\":\"\",\"publisher\":{\"@id\":\"https:\/\/difue.de\/en\/#organization\"},\"potentialAction\":[{\"@type\":\"SearchAction\",\"target\":{\"@type\":\"EntryPoint\",\"urlTemplate\":\"https:\/\/difue.de\/en\/?s={search_term_string}\"},\"query-input\":{\"@type\":\"PropertyValueSpecification\",\"valueRequired\":true,\"valueName\":\"search_term_string\"}}],\"inLanguage\":\"en-US\"},{\"@type\":\"Organization\",\"@id\":\"https:\/\/difue.de\/en\/#organization\",\"name\":\"Digitalf\u00fchrerschein (DiF\u00fc)\",\"url\":\"https:\/\/difue.de\/en\/\",\"logo\":{\"@type\":\"ImageObject\",\"inLanguage\":\"en-US\",\"@id\":\"https:\/\/difue.de\/en\/#\/schema\/logo\/image\/\",\"url\":\"https:\/\/difue.de\/app\/uploads\/2021\/09\/difue-logo.svg\",\"contentUrl\":\"https:\/\/difue.de\/app\/uploads\/2021\/09\/difue-logo.svg\",\"width\":200,\"height\":149,\"caption\":\"Digitalf\u00fchrerschein (DiF\u00fc)\"},\"image\":{\"@id\":\"https:\/\/difue.de\/en\/#\/schema\/logo\/image\/\"},\"sameAs\":[\"https:\/\/www.facebook.com\/people\/DsiN-Digitalf\u00fchrerschein-DiF\u00fc\/100079074183260\/\",\"https:\/\/www.instagram.com\/dsin_digitalfuehrerschein\/\"]},{\"@type\":\"Person\",\"@id\":\"https:\/\/difue.de\/en\/#\/schema\/person\/561da257ed73a0e0a7b309ed668c2e2f\",\"name\":\"DiF\u00fc-Redaktion\",\"image\":{\"@type\":\"ImageObject\",\"inLanguage\":\"en-US\",\"@id\":\"https:\/\/difue.de\/en\/#\/schema\/person\/image\/\",\"url\":\"https:\/\/secure.gravatar.com\/avatar\/f53ae98a098ac8e91c22c4cad6773d087e0c7938120a8a098aa93d0f488aaa56?s=96&d=mm&r=g\",\"contentUrl\":\"https:\/\/secure.gravatar.com\/avatar\/f53ae98a098ac8e91c22c4cad6773d087e0c7938120a8a098aa93d0f488aaa56?s=96&d=mm&r=g\",\"caption\":\"DiF\u00fc-Redaktion\"}}]}<\/script>\n<!-- \/ Yoast SEO Premium plugin. -->","yoast_head_json":{"title":"Digitalisierung: eine Chance f\u00fcr nachhaltigen Konsum? &#8226; Digitalf\u00fchrerschein (DiF\u00fc)","description":"Was hat Digitalisierung eigentlich mit Nachhaltigkeit zu tun? Ein Gespr\u00e4ch mit Dr. Maike Gossen \u00fcber Greenwashing und echte Alternativen.","robots":{"index":"index","follow":"follow","max-snippet":"max-snippet:-1","max-image-preview":"max-image-preview:large","max-video-preview":"max-video-preview:-1"},"canonical":"https:\/\/difue.de\/en\/podcast\/podcast-technologiealltag\/digitalisierung-nachhaltigkeit-dr-maike-gossen\/","og_locale":"en_US","og_type":"article","og_title":"Digitalisierung: eine Chance f\u00fcr nachhaltigen Konsum?","og_description":"Was hat Digitalisierung eigentlich mit Nachhaltigkeit zu tun? Ein Gespr\u00e4ch mit Dr. Maike Gossen \u00fcber Greenwashing und echte Alternativen.","og_url":"https:\/\/difue.de\/en\/podcast\/podcast-technologiealltag\/digitalisierung-nachhaltigkeit-dr-maike-gossen\/","og_site_name":"Digitalf\u00fchrerschein (DiF\u00fc)","article_publisher":"https:\/\/www.facebook.com\/people\/DsiN-Digitalf%c3%bchrerschein-DiF%c3%bc\/100079074183260\/","article_published_time":"2023-09-14T08:45:00+00:00","author":"DiF\u00fc-Redaktion","twitter_card":"summary_large_image","twitter_misc":{"Written by":"DiF\u00fc-Redaktion","Est. reading time":"1 minute"},"schema":{"@context":"https:\/\/schema.org","@graph":[{"@type":"Article","@id":"https:\/\/difue.de\/en\/podcast\/podcast-technologiealltag\/digitalisierung-nachhaltigkeit-dr-maike-gossen\/#article","isPartOf":{"@id":"https:\/\/difue.de\/en\/podcast\/podcast-technologiealltag\/digitalisierung-nachhaltigkeit-dr-maike-gossen\/"},"author":{"name":"DiF\u00fc-Redaktion","@id":"https:\/\/difue.de\/en\/#\/schema\/person\/561da257ed73a0e0a7b309ed668c2e2f"},"headline":"Digitalisierung: eine Chance f\u00fcr nachhaltigen Konsum?","datePublished":"2023-09-14T08:45:00+00:00","mainEntityOfPage":{"@id":"https:\/\/difue.de\/en\/podcast\/podcast-technologiealltag\/digitalisierung-nachhaltigkeit-dr-maike-gossen\/"},"wordCount":92,"commentCount":0,"publisher":{"@id":"https:\/\/difue.de\/en\/#organization"},"keywords":["D wie Digital","Digitale Verwaltung","Podcast","Verwaltung"],"articleSection":["Devices &amp; Tools","Podcast","Technologiealltag"],"inLanguage":"en-US"},{"@type":"WebPage","@id":"https:\/\/difue.de\/en\/podcast\/podcast-technologiealltag\/digitalisierung-nachhaltigkeit-dr-maike-gossen\/","url":"https:\/\/difue.de\/en\/podcast\/podcast-technologiealltag\/digitalisierung-nachhaltigkeit-dr-maike-gossen\/","name":"Digitalisierung: eine Chance f\u00fcr nachhaltigen Konsum? &#8226; Digitalf\u00fchrerschein (DiF\u00fc)","isPartOf":{"@id":"https:\/\/difue.de\/en\/#website"},"datePublished":"2023-09-14T08:45:00+00:00","description":"Was hat Digitalisierung eigentlich mit Nachhaltigkeit zu tun? Ein Gespr\u00e4ch mit Dr. Maike Gossen \u00fcber Greenwashing und echte Alternativen.","breadcrumb":{"@id":"https:\/\/difue.de\/en\/podcast\/podcast-technologiealltag\/digitalisierung-nachhaltigkeit-dr-maike-gossen\/#breadcrumb"},"inLanguage":"en-US","potentialAction":[{"@type":"ReadAction","target":["https:\/\/difue.de\/en\/podcast\/podcast-technologiealltag\/digitalisierung-nachhaltigkeit-dr-maike-gossen\/"]}]},{"@type":"BreadcrumbList","@id":"https:\/\/difue.de\/en\/podcast\/podcast-technologiealltag\/digitalisierung-nachhaltigkeit-dr-maike-gossen\/#breadcrumb","itemListElement":[{"@type":"ListItem","position":1,"name":"Startseite","item":"https:\/\/difue.de\/en\/startseite\/"},{"@type":"ListItem","position":2,"name":"Digitalisierung: eine Chance f\u00fcr nachhaltigen Konsum?"}]},{"@type":"WebSite","@id":"https:\/\/difue.de\/en\/#website","url":"https:\/\/difue.de\/en\/","name":"Digitalf\u00fchrerschein (DiF\u00fc)","description":"","publisher":{"@id":"https:\/\/difue.de\/en\/#organization"},"potentialAction":[{"@type":"SearchAction","target":{"@type":"EntryPoint","urlTemplate":"https:\/\/difue.de\/en\/?s={search_term_string}"},"query-input":{"@type":"PropertyValueSpecification","valueRequired":true,"valueName":"search_term_string"}}],"inLanguage":"en-US"},{"@type":"Organization","@id":"https:\/\/difue.de\/en\/#organization","name":"Digitalf\u00fchrerschein (DiF\u00fc)","url":"https:\/\/difue.de\/en\/","logo":{"@type":"ImageObject","inLanguage":"en-US","@id":"https:\/\/difue.de\/en\/#\/schema\/logo\/image\/","url":"https:\/\/difue.de\/app\/uploads\/2021\/09\/difue-logo.svg","contentUrl":"https:\/\/difue.de\/app\/uploads\/2021\/09\/difue-logo.svg","width":200,"height":149,"caption":"Digitalf\u00fchrerschein (DiF\u00fc)"},"image":{"@id":"https:\/\/difue.de\/en\/#\/schema\/logo\/image\/"},"sameAs":["https:\/\/www.facebook.com\/people\/DsiN-Digitalf\u00fchrerschein-DiF\u00fc\/100079074183260\/","https:\/\/www.instagram.com\/dsin_digitalfuehrerschein\/"]},{"@type":"Person","@id":"https:\/\/difue.de\/en\/#\/schema\/person\/561da257ed73a0e0a7b309ed668c2e2f","name":"DiF\u00fc-Redaktion","image":{"@type":"ImageObject","inLanguage":"en-US","@id":"https:\/\/difue.de\/en\/#\/schema\/person\/image\/","url":"https:\/\/secure.gravatar.com\/avatar\/f53ae98a098ac8e91c22c4cad6773d087e0c7938120a8a098aa93d0f488aaa56?s=96&d=mm&r=g","contentUrl":"https:\/\/secure.gravatar.com\/avatar\/f53ae98a098ac8e91c22c4cad6773d087e0c7938120a8a098aa93d0f488aaa56?s=96&d=mm&r=g","caption":"DiF\u00fc-Redaktion"}}]}},"_links":{"self":[{"href":"https:\/\/difue.de\/en\/wp-json\/wp\/v2\/posts\/33959","targetHints":{"allow":["GET"]}}],"collection":[{"href":"https:\/\/difue.de\/en\/wp-json\/wp\/v2\/posts"}],"about":[{"href":"https:\/\/difue.de\/en\/wp-json\/wp\/v2\/types\/post"}],"author":[{"embeddable":true,"href":"https:\/\/difue.de\/en\/wp-json\/wp\/v2\/users\/8048"}],"replies":[{"embeddable":true,"href":"https:\/\/difue.de\/en\/wp-json\/wp\/v2\/comments?post=33959"}],"version-history":[{"count":24,"href":"https:\/\/difue.de\/en\/wp-json\/wp\/v2\/posts\/33959\/revisions"}],"predecessor-version":[{"id":34003,"href":"https:\/\/difue.de\/en\/wp-json\/wp\/v2\/posts\/33959\/revisions\/34003"}],"acf:post":[{"embeddable":true,"href":"https:\/\/difue.de\/en\/wp-json\/wp\/v2\/posts\/34226"},{"embeddable":true,"href":"https:\/\/difue.de\/en\/wp-json\/wp\/v2\/posts\/33826"},{"embeddable":true,"href":"https:\/\/difue.de\/en\/wp-json\/wp\/v2\/posts\/33657"},{"embeddable":true,"href":"https:\/\/difue.de\/en\/wp-json\/wp\/v2\/posts\/15378"},{"embeddable":true,"href":"https:\/\/difue.de\/en\/wp-json\/wp\/v2\/posts\/33000"},{"embeddable":true,"href":"https:\/\/difue.de\/en\/wp-json\/wp\/v2\/posts\/17235"},{"embeddable":true,"href":"https:\/\/difue.de\/en\/wp-json\/wp\/v2\/posts\/29293"},{"embeddable":true,"href":"https:\/\/difue.de\/en\/wp-json\/wp\/v2\/posts\/29305"},{"embeddable":true,"href":"https:\/\/difue.de\/en\/wp-json\/wp\/v2\/posts\/28417"},{"embeddable":true,"href":"https:\/\/difue.de\/en\/wp-json\/wp\/v2\/posts\/19800"},{"embeddable":true,"href":"https:\/\/difue.de\/en\/wp-json\/wp\/v2\/posts\/18420"},{"embeddable":true,"href":"https:\/\/difue.de\/en\/wp-json\/wp\/v2\/posts\/23385"},{"embeddable":true,"href":"https:\/\/difue.de\/en\/wp-json\/wp\/v2\/posts\/22029"},{"embeddable":true,"href":"https:\/\/difue.de\/en\/wp-json\/wp\/v2\/posts\/19762"},{"embeddable":true,"href":"https:\/\/difue.de\/en\/wp-json\/wp\/v2\/posts\/22856"}],"wp:attachment":[{"href":"https:\/\/difue.de\/en\/wp-json\/wp\/v2\/media?parent=33959"}],"wp:term":[{"taxonomy":"category","embeddable":true,"href":"https:\/\/difue.de\/en\/wp-json\/wp\/v2\/categories?post=33959"},{"taxonomy":"post_tag","embeddable":true,"href":"https:\/\/difue.de\/en\/wp-json\/wp\/v2\/tags?post=33959"}],"curies":[{"name":"wp","href":"https:\/\/api.w.org\/{rel}","templated":true}]}}