{"id":39499,"date":"2023-12-21T09:00:00","date_gmt":"2023-12-21T08:00:00","guid":{"rendered":"https:\/\/difue.de\/?p=39499"},"modified":"2023-12-21T09:49:28","modified_gmt":"2023-12-21T08:49:28","slug":"kuenstliche-intelligenz-mads-pankow","status":"publish","type":"post","link":"https:\/\/difue.de\/en\/allgemein\/kuenstliche-intelligenz-mads-pankow\/","title":{"rendered":"\u201eNur weil man ein Auto immer schneller baut, wird es nicht anfangen zu fliegen\u201c"},"content":{"rendered":" <div class=\"container  post_type__post\"><div class=\"row mb-3\"><div class=\"col-12 col-lg-8 offset-lg-2\">\t\n<p><em>In Folge 25 unsere Podcasts&nbsp;\u201e<\/em><a href=\"https:\/\/difue.de\/thema\/podcast\/?mtm_source=n&amp;mtm_medium=o&amp;mtm_placement=ctao\" target=\"_blank\" rel=\"noreferrer noopener\"><em>D wie Digital<\/em><\/a><em>\u201c haben wir mit Mads Pankow \u00fcber K\u00fcnstliche Intelligenz gesprochen und das vergangene Jahr Revue passieren lassen. <\/em><a href=\"https:\/\/difue.de\/news\/podcast-ki-jahresrueckblick-mads-pankow\/\">Hier<\/a><em> k\u00f6nnt ihr die Folge nachh\u00f6ren.<\/em><\/p>\n<\/div><\/div><\/div>\n\n <div class=\"container  post_type__post\"><div class=\"row mb-3\"><div class=\"col-12 col-lg-8 offset-lg-2\">\t\n<p><strong>DiF\u00fc-News<\/strong>: Mads, warum denkst du, dass das Thema K\u00fcnstliche Intelligenz nicht nur faszinierend, sondern f\u00fcr viele auch emotional aufgeladen ist? \u00a0<\/p>\n<\/div><\/div><\/div>\n\n <div class=\"container  post_type__post\"><div class=\"row mb-3\"><div class=\"col-12 col-lg-8 offset-lg-2\">\t\n<p><strong>Mads Pankow<\/strong>: Ich denke, dass das Thema stark mit Angst besetzt ist. Wenn man sieht, dass Maschinen w\u00f6chentlich oder im Monatstakt Dinge k\u00f6nnen, von denen wir dachten, dass nur wir Menschen das k\u00f6nnten, dann haben viele den Reflex, das zu skalieren und zu sagen: Dann denken Maschinen bald wie Menschen, und wenn sie wie Menschen denken, dann k\u00f6nnen sie sich auch selbst verbessern. Und wenn sie das k\u00f6nnen, dann sind sie bald hyperintelligent und bringen dann pl\u00f6tzlich alle Menschen um? Jeder zweite Science-Fiction-Film handelt davon, dass die K\u00fcnstliche Intelligenz (ein) Bewusstsein entwickelt und uns Menschen t\u00f6tet. Diese Angst kann ich verstehen. \u00a0Ich glaube, dass das vielleicht auch ein Grund war, warum ich mich so detailliert mit dem Thema auseinandersetzen wollte.<\/p>\n<\/div><\/div><\/div>\n\n <div class=\"container  post_type__post\"><div class=\"row mb-3\"><div class=\"col-12 col-lg-8 offset-lg-2\">\t\n<p><strong>DiF\u00fc-News<\/strong>: Um vielleicht auch gegen deine eigene Angst anzukommen?<\/p>\n<\/div><\/div><\/div>\n\n <div class=\"container  post_type__post\"><div class=\"row mb-3\"><div class=\"col-12 col-lg-8 offset-lg-2\">\t\n<p><strong>Mads Pankow<\/strong>: Ja vielleicht. Aber eigentlich m\u00fcsste man eher Angst vor dummer Technik haben. Das ist dann die andere H\u00e4lfte der Science-Fiction-Filme; Maschinen, die ihren Auftrag nicht verstehen. &nbsp;Da gibt es das ber\u00fchmte <em>Paperclip<\/em>-Gedankenexperiment (Anmerkung der Redaktion: <em>Paperclip<\/em> bedeutet B\u00fcroklammer): Was passiert, wenn eine KI den Auftrag hat, besonders effizient so viele B\u00fcroklammern wie m\u00f6glich herzustellen? Sie f\u00e4ngt dann irgendwann an, alle Ressourcen auf der Welt daf\u00fcr zu verbrauchen und die Menschen zu t\u00f6ten, um B\u00fcroklammern herzustellen. Eine solche Gefahr, dass eine Maschine stumpf und ohne R\u00fccksicht einen Auftrag ausf\u00fchrt, ist eher wahrscheinlich als eine Maschine, die bewusst handelt.<\/p>\n<\/div><\/div><\/div>\n\n <div class=\"container  post_type__post\"><div class=\"row mb-3\"><div class=\"col-12 col-lg-8 offset-lg-2\">\t\n<p><strong>DiF\u00fc-News<\/strong>: Das klingt gruselig. Was sind deiner Meinung nach die gr\u00f6\u00dften negativ besetzten Mythen rund um KI?<\/p>\n<\/div><\/div><\/div>\n\n <div class=\"container  post_type__post\"><div class=\"row mb-3\"><div class=\"col-12 col-lg-8 offset-lg-2\">\t\n<p><strong>Mads Pankow<\/strong>: Das ist immer schwer zu sagen, weil wir dar\u00fcber ein begrenztes Wissen haben. Vor drei Jahren habe ich Dinge, die heute m\u00f6glich sind, noch f\u00fcr unm\u00f6glich gehalten.<\/p>\n<\/div><\/div><\/div>\n\n <div class=\"container  post_type__post\"><div class=\"row mb-3\"><div class=\"col-12 col-lg-8 offset-lg-2\">\t\n<p>Um die Frage zu beantworten, muss ich ganz weit rauszoomen: Ich denke, der gr\u00f6\u00dfte Mythos ist, dass jede Form von Probleml\u00f6sungsf\u00e4higkeit am Ende mit menschlicher Intelligenz gleichgesetzt wird \u2013 oder einer Vorstufe \u2013 und man dann anf\u00e4ngt, \u00fcberall menschliche Intelligenz zu sehen. Der Delfin kann Probleme l\u00f6sen, also ist er genauso intelligent wie wir, der muss nur schneller werden, wir sehen wie intelligent Kr\u00e4hen und Primaten sind. Beim Primaten ist das ja auch ein plausibles Argument, weil wir uns aus dem heraus entwickelt haben. Aber Computern wird immer unterstellt, dass wenn wir sie noch schneller machen, dass sie dann wie Menschen denken k\u00f6nnen. Fr\u00fcher gab es beispielsweise die Annahme, dass ein Computer bei 10.000 Terraflops so schnell wie das menschliche Gehirn ist.<\/p>\n<\/div><\/div><\/div>\n\n <div class=\"container  post_type__post\"><div class=\"row mb-3\"><div class=\"col-12 col-lg-8 offset-lg-2\">\t\n<p>Ich denke, das Wichtige ist zu verstehen, dass es erkenntnistheoretisch oder bewusstseinstheoretisch beliebig viele verschiedene Formen gibt, die Welt zu verarbeiten und Probleme zu l\u00f6sen. Diese Formen m\u00fcssen dann aber nicht automatisch auf eine menschliche Intelligenz zustreben. Denn nur weil man ein Auto immer schneller baut, wird es nicht anfangen zu fliegen. Die Art und Weise, wie Menschen verarbeiten, ist im Gegenteil viel schlechter als Computer, bei denen wir immer darauf warten: <em>Wann sind die intelligenter als wir<\/em>? Taschenrechner rechnen seit 80 Jahren schneller als jeder Mensch. Sprachmodelle k\u00f6nnen inzwischen so viel Wissen verarbeiten wie kein Mensch. Ich frage mich, worauf wir warten. Die KI ist in vielerlei Hinsicht l\u00e4ngst viel besser als wir, und zwar in den Dingen, die sie gut kann. Und warum m\u00fcssen wir immer noch mit Gewalt versuchen, ihr auch noch beizubringen, wie wir denken, n\u00e4mlich leider extrem unlogisch, sehr ineffizient. Aber: Wir haben ein Bewusstsein, wir k\u00f6nnen reflektieren, wir wissen um die Existenz der Welt. Das zeichnet uns Menschen aus und dadurch k\u00f6nnen wir andere L\u00f6sungen finden. Maschinen haben das nicht, sie verarbeiten nur Nullen und Einsen. Wir haben mit K\u00fcnstlicher Intelligenz sehr viel m\u00f6glich gemacht, aber die Frage des Bewusstseins, also einer Selbst- und Fremdreflexion, der Weltverarbeitung und das Wissen um die Existenz der Welt \u2013 da gibt es \u00fcberhaupt keinen Fortschritt.<\/p>\n<\/div><\/div><\/div>\n\n <div class=\"container  post_type__post\"><div class=\"row mb-3\"><div class=\"col-12 col-lg-8 offset-lg-2\">\t\n<p><strong>DiF\u00fc-News<\/strong>: Warum streben wir danach, dass auch Maschinen ein Bewusstsein haben?<\/p>\n<\/div><\/div><\/div>\n\n <div class=\"container  post_type__post\"><div class=\"row mb-3\"><div class=\"col-12 col-lg-8 offset-lg-2\">\t\n<p><strong>Mads Pankow<\/strong>: Weil es dann die Hoffnung gibt, dass wir gar nichts mehr tun m\u00fcssen, weil die Maschine dann das kann, was wir auch k\u00f6nnen. Zum Beispiel wenn ich jetzt einen Bildgenerator wie Midjourney nutze, dann gibt es da momentan das sogenannte <em>wacky-finger<\/em>-Problem: Bildgeneratoren k\u00f6nnen keine H\u00e4nde erzeugen, da ist immer ein Finger zu viel oder zu wenig. Das wird noch sehr viel besser werden, aber jetzt gerade sehen H\u00e4nde immer schlecht aus. &nbsp;<\/p>\n<\/div><\/div><\/div>\n\n <div class=\"container  post_type__post\"><div class=\"row mb-3\"><div class=\"col-12 col-lg-8 offset-lg-2\">\t\n<p>Wenn Maschinen selbst ein Bewusstsein h\u00e4tten, k\u00f6nnten sie solche Probleme vollautonom l\u00f6sen und br\u00e4uchten nicht immer jemanden, der sie mit Daten \u00fcber die Welt f\u00fcttert, der ihnen Anweisungen gibt, die Ergebnisse kontrolliert und Verantwortung tr\u00e4gt.<\/p>\n<\/div><\/div><\/div>\n\n <div class=\"container  post_type__post\"><div class=\"row mb-3\"><div class=\"col-12 col-lg-8 offset-lg-2\">\t\n<p>Das alles k\u00f6nnte man delegieren. Vielleicht ist es aber auch die Hoffnung, dass dann alle Probleme der Welt gel\u00f6st w\u00e4ren. Das w\u00e4re auch ein tolles Narrativ: Der Mensch kann die Probleme der Welt kaum ertragen und baut sich dann einfach selbst einen Gott selbst. Ich mag die Geschichte, aber ich habe Zweifel, dass es so funktionieren wird. Wie gesagt, in vieler Hinsicht sind die Maschinen schon viel besser als wir und k\u00f6nnen f\u00fcr uns Dinge, die wir vorher f\u00fcr gottgleich gehalten haben, \u00fcbernehmen. Aber diese allgemeine k\u00fcnstliche Intelligenz, danach sieht es erst mal nicht aus. Das hei\u00dft nicht, dass es die nicht irgendwann geben kann. Aber dann br\u00e4uchte man vielleicht eine andere Technologie.<\/p>\n<\/div><\/div><\/div>\n\n <div class=\"container  post_type__post\"><div class=\"row mb-3\"><div class=\"col-12 col-lg-8 offset-lg-2\">\t\n<p><strong>DiF\u00fc-News:<\/strong> Es gibt viele Debatten dar\u00fcber, dass K\u00fcnstliche Intelligenz Stereotype reproduziert, weil die Daten f\u00fcr die KI eben von Menschen eingespeist werden. Kannst du etwas dazu sagen, wie KI uns als Gesellschaft vielleicht den Spiegel vorh\u00e4lt?<\/p>\n<\/div><\/div><\/div>\n\n <div class=\"container  post_type__post\"><div class=\"row mb-3\"><div class=\"col-12 col-lg-8 offset-lg-2\">\t\n<p><strong>Mads Pankow<\/strong>: Das ist eine gro\u00dfartige Frage. Meiner Meinung nach ist die Geschichte der KI und der Algorithmen eine kontinuierliche Kr\u00e4nkung des Menschen. Vorher galt der Mensch als logisch denkendes Wesen als hohes Ideal der Philosophie: Doch rational denken, besser rechnen und logisch denken, das k\u00f6nnen Computer schon lange viel besser als wir Menschen. Au\u00dferdem m\u00fcssen wir uns, genau, wie du gesagt hast, damit auseinandersetzen, dass, wenn ein Computer von Menschen lernt, vor allem auch, Rassismen, Chauvinismen und Vorurteile lernt.<\/p>\n<\/div><\/div><\/div>\n\n <div class=\"container  post_type__post\"><div class=\"row mb-3\"><div class=\"col-12 col-lg-8 offset-lg-2\">\t\n<p>Dass unsere Kreativit\u00e4t, die wir vorher f\u00fcr einen g\u00f6ttlichen Funken gehalten haben, in verschiedenster Art und Weise durch einen Computer abzubilden ist, das ist eine gro\u00dfe Entt\u00e4uschung. Genauso wie die Annahme, dass wir wissen, was richtig und falsch ist \u2013 wenn wir versuchen, das einem Computer beizubringen, stellen wir fest, dass Ethik nicht eindeutig ist. Es gibt viele Graubereiche. Das hei\u00dft nicht, dass sie falsch ist, aber das entzaubert das Verst\u00e4ndnis von richtig und falsch, bis hin zur gesellschaftlichen Konstruktion. Stellen wir uns vor, dass wir einen Rechtssprechungscomputer bauen, der die Gesellschaft \u00fcberwacht. Was macht das mit einer Gesellschaft, wenn man f\u00fcr jedes Vergehen geahndet wird? Unser Rechtssystem basiert zwar auf der Idee, dass wir alle gleich sind und dass wir alle jederzeit geahndet werden m\u00fcssten. Das passiert dann aber nicht , denn unser Rechtssystem baut darauf, dass es immer Variationen und Interpretationen von Menschen mit Entscheidungsspielr\u00e4umen gibt. Ich will das Recht \u00fcberhaupt nicht l\u00e4cherlich machen, es ist richtig und gut. Aber es funktioniert anders, als wir uns das vorgestellt haben.<\/p>\n<\/div><\/div><\/div>\n\n <div class=\"container  post_type__post\"><div class=\"row mb-3\"><div class=\"col-12 col-lg-8 offset-lg-2\">\t\n<p><strong>DiF\u00fc-News<\/strong>: Welche Auswirkungen kann das haben?<\/p>\n<\/div><\/div><\/div>\n\n <div class=\"container  post_type__post\"><div class=\"row mb-3\"><div class=\"col-12 col-lg-8 offset-lg-2\">\t\n<p><strong>Mads Pankow<\/strong>: Es gibt Regionen auf der Welt, in denen man K\u00fcnstliche Intelligenz weniger kritisch sieht. Es gibt eine chinesische Stadt, in der die Ampeln mit Spr\u00fchsystemen ausgestattet sind. Wer bei Rot \u00fcber die Ampel geht, wird nass gespr\u00fcht. \u00a0Wir m\u00fcssen uns damit auseinandersetzen, was diese Automatisierung der Ahndung und dieses <em>Nudging<\/em> der Bev\u00f6lkerung, hin zu einem erw\u00fcnschten Verhalten, bedeutet. Im Moment sagen wir hier: Das ist bevormundend, das trainiert die intrinsische Motivation zu gerechtem Verhalten ab, weil man \u00fcberall \u00fcberwacht wird. Ja, ist alles richtig. Das ist alles hoch bedenklich, auch wenn man bedenkt, dass m\u00f6glicherweise eine politische Agenda durchgesetzt wird und so eine Gesellschaft zunehmend \u00fcberwacht wird. Das k\u00f6nnte aber m\u00f6glicherweise auch Vorteile haben, dass zum Beispiel Kriminalit\u00e4t fast vollst\u00e4ndig ausgerottet ist. Es wird schon jetzt h\u00e4ufig nach China geschaut. Ich stelle mir dann aber vor, wie wir in 40 Jahren solche Systeme importieren m\u00fcssen. Davor habe ich Angst. Ich glaube, wir m\u00fcssen uns hier zeitnah Gedanken machen, wie wir unsere Gesellschaft als universalistische, rechtsstaatliche Gesellschaft neu denken, mit k\u00fcnstlicher Intelligenz. Da m\u00fcssen wir anfangen, so etwas selbst zu bauen. Nur weil es kompliziert und gef\u00e4hrlich ist, k\u00f6nnen wir uns dem nicht verwehren.<\/p>\n<\/div><\/div><\/div>\n\n <div class=\"container  post_type__post\"><div class=\"row mb-3\"><div class=\"col-12 col-lg-8 offset-lg-2\">\t\n<p><strong>DiF\u00fc-News<\/strong>: Kannst du uns noch kurz einen R\u00fcckblick geben auf das Jahr 2023?<\/p>\n<\/div><\/div><\/div>\n\n <div class=\"container  post_type__post\"><div class=\"row mb-3\"><div class=\"col-12 col-lg-8 offset-lg-2\">\t\n<p><strong>Mads Pankow<\/strong>: 2022 war die Zeit, in der die ersten wichtigen generativen KIs ver\u00f6ffentlicht wurden, Bildgeneratoren und Sprachmodelle, die so sprechen und Bilder erstellen konnten, dass wir sie kaum von menschlichen Produkten unterscheiden konnten. 2023 sind wir bereits in dem Jahr, in dem das in der Masse ausgerollt wurde. Das ging sehr schnell f\u00fcr einen technologischen Schub, insbesondere wenn man vergleicht, wie lange es bei E-Mail oder Social Media gebraucht hat, um sich im Internet zu verbreiten. Innerhalb weniger Wochen hat ChatGPT mehr als 100 Millionen Nutzende erreicht. Solche <em>Large Language Models <\/em>durchdringen jetzt \u00fcberall unsere Anwendungen: Man kann sich das so vorstellen, dass 2023 der Anfang war, dass generative KI sich wie ein d\u00fcnner Film \u00fcber alle Nutzeroberfl\u00e4chen dr\u00fcberlegte.<\/p>\n<\/div><\/div><\/div>\n\n <div class=\"container  post_type__post\"><div class=\"row mb-3\"><div class=\"col-12 col-lg-8 offset-lg-2\">\t\n<p>In einem Jahr kann es sein, dass die meisten Menschen keine E-Mails mehr selbst schreiben, sondern nur noch den Befehl geben: Schreib eine freundliche Absage. Es gibt so viele Bereiche, die davon beeinflusst sind, Programmieren \u00e4ndert sich gerade rapide. &nbsp;Ich glaube, dass 2023 mit dem Ausrollen dieser wirklich funktionalen Technologien in die Breite, dass das eben nicht mehr ein Nischenprodukt ist, sondern dass man diesen smarten Assistenten nicht mehr entgehen k\u00f6nnen wird.<\/p>\n<\/div><\/div><\/div>\n\n <div class=\"container  post_type__post\"><div class=\"row mb-3\"><div class=\"col-12 col-lg-8 offset-lg-2\">\t\n<p><strong>DiF\u00fc-News<\/strong>: Du hast es eben angesprochen: E-Mails, die wir nicht mehr selbst schreiben m\u00fcssen. Meine Frage ist jetzt nat\u00fcrlich: Wann kommt die Null-Stunden-Woche?<\/p>\n<\/div><\/div><\/div>\n\n <div class=\"container  post_type__post\"><div class=\"row mb-3\"><div class=\"col-12 col-lg-8 offset-lg-2\">\t\n<p><strong>Mads Pankow<\/strong>: Ich warte immer noch auf die 15-Stundenwoche. Der ber\u00fchmte Wirtschaftstheoretiker John Maynard Keynes hat 1930 gesagt, dass wir in 100 Jahren nur noch 15 Stunden die Woche arbeiten w\u00fcrden. Die Gesamtarbeitszeit der Gesellschaft pro Person \u2013 wenn man auch ber\u00fccksichtigt, dass Frauen fr\u00fcher weniger gearbeitet haben \u2013 ist nur gering gesunken. Warum ist das so? Keynes hat Recht gehabt, wenn man sagt, dass 15 Stunden Arbeit die Woche ausreichen w\u00fcrden, um den Lebensstandard von 1930 herzustellen \u2013 der aber auch sehr spartanisch war. Warum arbeiten wir immer noch so viel? Da gibt es viele verschiedene Theorien. Vielleicht sind die Anspr\u00fcche gewachsen, vielleicht sind wir aber auch von Werbung beeinflusst, dass wir Geld anh\u00e4ufen m\u00fcssen, um Sachen zu kaufen. Das ist alles plausibel. Ich denke aber auch, dass einer der entscheidenden Faktoren ist, dass Menschen heimlich gerne arbeiten. Arbeit entfaltet auch in der Gesellschaft viele Funktionen, die nur schwer anders erzeugt werden k\u00f6nnen. Zum Beispiel das Gef\u00fchl, dass man etwas bewirken kann, dass man einen Beitrag f\u00fcr die Gesellschaft leistet und auch Identit\u00e4t. Au\u00dferdem sorgt Arbeit f\u00fcr soziale Integration, dass man als Gesellschaft zusammenh\u00e4lt. Arbeit leistet viel, was h\u00e4ufig ausgelassen wird, wenn man es nur auf Broterwerb reduziert und davon ausgeht, dass Menschen nicht mehr arbeiten w\u00fcrden, wenn sie es nicht m\u00fcssten. Da zweifle ich dran, und da gibt es klare Hinweise f\u00fcr. Qualitative Interviews zeigen dann, dass Menschen gar nicht weniger arbeiten wollen. \u00a0Andere Statistiken zeigen, dass Menschen, die am gl\u00fccklichsten sind, \u00fcber 41 Stunden die Woche arbeiten. Das k\u00f6nnte an der materiellen Absicherung liegen, aber ich denke auch, dass Arbeit f\u00fcr viele Bed\u00fcrfnisse, die \u00fcber den wirtschaftlichen Aspekt hinausgehen, befriedigt. Deswegen sollten wir dar\u00fcber nachdenken, was wir eigentlich in Zukunft wollen. Au\u00dferdem gibt es viele Aufgaben, besonders im sozialen Bereich, die nicht gut automatisierbar sind. F\u00fcr einen Dialog braucht man zwei mit Bewusstsein. Ich ahne, dass die Zukunft in allen Berufen den Gro\u00dfteil automatisieren wird \u2013 was dadurch den sozialen Aspekt wichtiger macht. Man kann dann mehr leisten, muss aber auch mehr sozial leisten, und die soziale Arbeit, die K\u00fcmmerarbeit, wird immer gr\u00f6\u00dferen Anteil der Gesamtarbeitsaufkommen auch einnehmen. Viele Jobs fallen weg, und dadurch kommen da mehr, denn das ist der Vorteil der sozialen Arbeit. Sie ist tendenziell unendlich. Solange nicht jeder Mensch austherapiert und betreut und gl\u00fccklich ist, gibt es was zu tun, und dieses Szenario sehe ich bei allem Optimismus nicht. Ich glaube, dass wir in Zukunft sehr viel arbeiten m\u00fcssen und dass es hart wird, denn: Soziale Arbeit ist harte Arbeit. Von der Null-Stunden-Woche sind wir weit entfernt.<\/p>\n<\/div><\/div><\/div>\n\n <div class=\"container  post_type__post\"><div class=\"row mb-3\"><div class=\"col-12 col-lg-8 offset-lg-2\">\t\n<p><strong>DiF\u00fc-News<\/strong>: Wir haben in diesem Jahr in diesem Podcast sehr viele Themen angesprochen und ich wollte dich fragen, ob du uns zu ausgew\u00e4hlten Themen einen kurzen Ausblick geben kannst. Fangen wir mit politischer Arbeit an.<\/p>\n<\/div><\/div><\/div>\n\n <div class=\"container  post_type__post\"><div class=\"row mb-3\"><div class=\"col-12 col-lg-8 offset-lg-2\">\t\n<p><strong>Mads Pankow<\/strong>: In der politischen Arbeit liegt die Herausforderung darin, sich mit sozialen Medien auseinanderzusetzen, dass man sich nicht einsch\u00fcchtern l\u00e4sst von Fehlinformationen und mit Verleumdung und Hate Speech zurechtkommt. Ich denke, dass das f\u00fcr KI eine sehr hohe Herausforderung sein wird, die sie einerseits durch Detektionsmechanismen erleichtern, aber nicht l\u00f6sen wird. Ich glaube, das ist extrem schwer, dass man als Politiker in der \u00d6ffentlichkeit steht und all dem ausgesetzt ist. Auch das wird ein zunehmend gr\u00f6\u00dferes Thema sein.<\/p>\n<\/div><\/div><\/div>\n\n <div class=\"container  post_type__post\"><div class=\"row mb-3\"><div class=\"col-12 col-lg-8 offset-lg-2\">\t\n<p><strong>DiF\u00fc-News<\/strong>: Das leitet zu einem anderen Thema \u00fcber: Desinformation. Kannst du vielleicht sagen, was KI eventuell f\u00fcr ein Potenzial im Bereich Desinformation hat?<\/p>\n<\/div><\/div><\/div>\n\n <div class=\"container  post_type__post\"><div class=\"row mb-3\"><div class=\"col-12 col-lg-8 offset-lg-2\">\t\n<p><strong>Mads Pankow<\/strong>: Wir m\u00fcssen uns mit dem Thema Desinformation auseinandersetzen. Wir m\u00fcssen uns damit abfinden, dass mit der Liberalisierung der Medien, dass alle am Diskurs teilnehmen k\u00f6nnen, auch eine Verantwortung einhergeht: N\u00e4mlich die Verantwortung, aktiv gegen Fake News, Verleumdung und digitale Gewalt einzustehen. Das ist eine Frage von Zivilcourage. Auch wenn Regulationen und Automatisierung einen Beitrag leisten k\u00f6nnen. Algorithmen allein k\u00f6nnen das Problem nicht l\u00f6sen. Wir sind da alle gefordert.<\/p>\n<\/div><\/div><\/div>\n\n <div class=\"container  post_type__post\"><div class=\"row mb-3\"><div class=\"col-12 col-lg-8 offset-lg-2\">\t\n<p><strong>DiF\u00fc-News<\/strong>: Wir springen zur\u00fcck zur politischen Arbeit. Du meintest, dass sie ohne digitale Verwaltung eigentlich nicht denkbar ist \u2013 lass uns dar\u00fcber sprechen. \u00a0<\/p>\n<\/div><\/div><\/div>\n\n <div class=\"container  post_type__post\"><div class=\"row mb-3\"><div class=\"col-12 col-lg-8 offset-lg-2\">\t\n<p><strong>Mads Pankow<\/strong>: Die \u00dcbersetzung von analogen Prozessen in Digitale bringt uns nur begrenzt weiter. Ich will nicht behaupten, dass es nicht gut ist, dass ich den Antrag zum Kindergeld digital stellen kann. Aber anhand der technischen M\u00f6glichkeiten m\u00fcsste man zum Beispiel solche Familienleistungen ganz anders denken: Anstatt, dass Personen aus einer Vielzahl an Leistungen selbst herausfinden m\u00fcssen, welche sie in Anspruch nehmen k\u00f6nnen, m\u00fcsste eigentlich ein Algorithmus individuell auf die jeweiligen Lebensbed\u00fcrfnisse eine finanzielle Unterst\u00fctzung oder Beratung zuschneiden. Das ist eigentlich Gerechtigkeit: Nicht Ungleiches gleichbehandeln. Algorithmen bieten hier eine M\u00f6glichkeit, unterschiedliche Situationen abzubilden.<\/p>\n<\/div><\/div><\/div>\n\n <div class=\"container  post_type__post\"><div class=\"row mb-3\"><div class=\"col-12 col-lg-8 offset-lg-2\">\t\n<p><strong>DiF\u00fc-News<\/strong>: Danke f\u00fcr das spannende Gespr\u00e4ch, Mads!<\/p>\n<\/div><\/div><\/div>\n\n <div class=\"container  post_type__post\"><div class=\"row mb-3\"><div class=\"col-12 col-lg-8 offset-lg-2\">\t\n<p><strong>Mads Pankow<\/strong>: Danke!<\/p>\n<\/div><\/div><\/div>\n\n <div class=\"container  post_type__post\"><div class=\"row mb-3\"><div class=\"col-12 col-lg-8 offset-lg-2\">\t\n<p><\/p>\n<\/div><\/div><\/div>\n\n <div class=\"container  post_type__post\"><div class=\"row mb-3\"><div class=\"col-12 col-lg-8 offset-lg-2\">\t\n<p><strong>Artikelbild: <\/strong>Tara Winstead via<a href=\"https:\/\/www.pexels.com\/de-de\/foto\/zukunft-roboter-futuristisch-ai-8386365\/\" target=\"_blank\" rel=\"noreferrer noopener nofollow\" class=\"broken_link\"> pexels.com<\/a><\/p>\n<\/div><\/div><\/div>","protected":false},"excerpt":{"rendered":"<p>In Folge 25 unsere Podcasts&nbsp;\u201eD wie Digital\u201c haben wir mit Mads Pankow \u00fcber K\u00fcnstliche Intelligenz gesprochen und das vergangene Jahr [&hellip;]<\/p>\n","protected":false},"author":8048,"featured_media":0,"comment_status":"open","ping_status":"open","sticky":false,"template":"","format":"standard","meta":{"_acf_changed":false,"inline_featured_image":false,"footnotes":""},"categories":[1,453,398],"tags":[],"class_list":["post-39499","post","type-post","status-publish","format-standard","hentry","category-allgemein","category-devices-tools","category-podcast-news"],"acf":{"show_similar_posts":"Ja","similar_posts":[17981,33490,34904],"sleeve":"","kicker":"Jahresr\u00fcckblick im Zeichen von KI","bild":39507,"bildunterschrift":"Roboterartiges Wesen vor blauem Hintergrund","anreisser":"Was passierte dieses Jahr in Sachen K\u00fcnstlicher Intelligenz (KI) \u2013 und wie wird es weitergehen? Ein Gespr\u00e4ch \u00fcber Automatisierung, unserer Vorstellung von Recht und Unrecht und wieso wir keine Angst vor b\u00f6sartigen KIs haben sollten. ","podcast":"","video":""},"yoast_head":"<!-- This site is optimized with the Yoast SEO Premium plugin v22.4 (Yoast SEO v24.7) - https:\/\/yoast.com\/wordpress\/plugins\/seo\/ -->\n<title>\u201eNur weil man ein Auto immer schneller baut, wird es nicht anfangen zu fliegen\u201c &#8226; Digitalf\u00fchrerschein (DiF\u00fc)<\/title>\n<meta name=\"description\" content=\"Was passierte dieses Jahr in Sachen K\u00fcnstlicher Intelligenz (KI) \u2013 und wie wird es weitergehen? Ein Gespr\u00e4ch \u00fcber Automatisierung, unserer Vorstellung von Recht und Unrecht und wieso wir keine Angst vor b\u00f6sartigen KIs haben sollten.\" \/>\n<meta name=\"robots\" content=\"index, follow, max-snippet:-1, max-image-preview:large, max-video-preview:-1\" \/>\n<link rel=\"canonical\" href=\"https:\/\/difue.de\/en\/allgemein\/kuenstliche-intelligenz-mads-pankow\/\" \/>\n<meta property=\"og:locale\" content=\"en_US\" \/>\n<meta property=\"og:type\" content=\"article\" \/>\n<meta property=\"og:title\" content=\"\u201eNur weil man ein Auto immer schneller baut, wird es nicht anfangen zu fliegen\u201c\" \/>\n<meta property=\"og:description\" content=\"Was passierte dieses Jahr in Sachen K\u00fcnstlicher Intelligenz (KI) \u2013 und wie wird es weitergehen? Ein Gespr\u00e4ch \u00fcber Automatisierung, unserer Vorstellung von Recht und Unrecht und wieso wir keine Angst vor b\u00f6sartigen KIs haben sollten.\" \/>\n<meta property=\"og:url\" content=\"https:\/\/difue.de\/en\/allgemein\/kuenstliche-intelligenz-mads-pankow\/\" \/>\n<meta property=\"og:site_name\" content=\"Digitalf\u00fchrerschein (DiF\u00fc)\" \/>\n<meta property=\"article:publisher\" content=\"https:\/\/www.facebook.com\/people\/DsiN-Digitalf%c3%bchrerschein-DiF%c3%bc\/100079074183260\/\" \/>\n<meta property=\"article:published_time\" content=\"2023-12-21T08:00:00+00:00\" \/>\n<meta property=\"article:modified_time\" content=\"2023-12-21T08:49:28+00:00\" \/>\n<meta property=\"og:image\" content=\"https:\/\/difue.de\/app\/uploads\/2023\/12\/kuenstliche-intelligenz-mads-pankow-interview.jpg\" \/><meta property=\"og:image:width\" content=\"1080\" \/><meta property=\"og:image:height\" content=\"658\" \/><meta property=\"og:image:type\" content=\"image\/jpeg\" \/>\n<meta name=\"author\" content=\"DiF\u00fc-Redaktion\" \/>\n<meta name=\"twitter:card\" content=\"summary_large_image\" \/>\n<meta name=\"twitter:label1\" content=\"Written by\" \/>\n\t<meta name=\"twitter:data1\" content=\"DiF\u00fc-Redaktion\" \/>\n\t<meta name=\"twitter:label2\" content=\"Est. reading time\" \/>\n\t<meta name=\"twitter:data2\" content=\"14 minutes\" \/>\n<script type=\"application\/ld+json\" class=\"yoast-schema-graph\">{\"@context\":\"https:\/\/schema.org\",\"@graph\":[{\"@type\":\"Article\",\"@id\":\"https:\/\/difue.de\/en\/allgemein\/kuenstliche-intelligenz-mads-pankow\/#article\",\"isPartOf\":{\"@id\":\"https:\/\/difue.de\/en\/allgemein\/kuenstliche-intelligenz-mads-pankow\/\"},\"author\":{\"name\":\"DiF\u00fc-Redaktion\",\"@id\":\"https:\/\/difue.de\/en\/#\/schema\/person\/561da257ed73a0e0a7b309ed668c2e2f\"},\"headline\":\"\u201eNur weil man ein Auto immer schneller baut, wird es nicht anfangen zu fliegen\u201c\",\"datePublished\":\"2023-12-21T08:00:00+00:00\",\"dateModified\":\"2023-12-21T08:49:28+00:00\",\"mainEntityOfPage\":{\"@id\":\"https:\/\/difue.de\/en\/allgemein\/kuenstliche-intelligenz-mads-pankow\/\"},\"wordCount\":2553,\"commentCount\":0,\"publisher\":{\"@id\":\"https:\/\/difue.de\/en\/#organization\"},\"articleSection\":[\"Allgemein\",\"Devices &amp; Tools\",\"Podcast\"],\"inLanguage\":\"en-US\"},{\"@type\":\"WebPage\",\"@id\":\"https:\/\/difue.de\/en\/allgemein\/kuenstliche-intelligenz-mads-pankow\/\",\"url\":\"https:\/\/difue.de\/en\/allgemein\/kuenstliche-intelligenz-mads-pankow\/\",\"name\":\"\u201eNur weil man ein Auto immer schneller baut, wird es nicht anfangen zu fliegen\u201c &#8226; Digitalf\u00fchrerschein (DiF\u00fc)\",\"isPartOf\":{\"@id\":\"https:\/\/difue.de\/en\/#website\"},\"datePublished\":\"2023-12-21T08:00:00+00:00\",\"dateModified\":\"2023-12-21T08:49:28+00:00\",\"description\":\"Was passierte dieses Jahr in Sachen K\u00fcnstlicher Intelligenz (KI) \u2013 und wie wird es weitergehen? Ein Gespr\u00e4ch \u00fcber Automatisierung, unserer Vorstellung von Recht und Unrecht und wieso wir keine Angst vor b\u00f6sartigen KIs haben sollten.\",\"breadcrumb\":{\"@id\":\"https:\/\/difue.de\/en\/allgemein\/kuenstliche-intelligenz-mads-pankow\/#breadcrumb\"},\"inLanguage\":\"en-US\",\"potentialAction\":[{\"@type\":\"ReadAction\",\"target\":[\"https:\/\/difue.de\/en\/allgemein\/kuenstliche-intelligenz-mads-pankow\/\"]}]},{\"@type\":\"BreadcrumbList\",\"@id\":\"https:\/\/difue.de\/en\/allgemein\/kuenstliche-intelligenz-mads-pankow\/#breadcrumb\",\"itemListElement\":[{\"@type\":\"ListItem\",\"position\":1,\"name\":\"Startseite\",\"item\":\"https:\/\/difue.de\/en\/startseite\/\"},{\"@type\":\"ListItem\",\"position\":2,\"name\":\"\u201eNur weil man ein Auto immer schneller baut, wird es nicht anfangen zu fliegen\u201c\"}]},{\"@type\":\"WebSite\",\"@id\":\"https:\/\/difue.de\/en\/#website\",\"url\":\"https:\/\/difue.de\/en\/\",\"name\":\"Digitalf\u00fchrerschein (DiF\u00fc)\",\"description\":\"\",\"publisher\":{\"@id\":\"https:\/\/difue.de\/en\/#organization\"},\"potentialAction\":[{\"@type\":\"SearchAction\",\"target\":{\"@type\":\"EntryPoint\",\"urlTemplate\":\"https:\/\/difue.de\/en\/?s={search_term_string}\"},\"query-input\":{\"@type\":\"PropertyValueSpecification\",\"valueRequired\":true,\"valueName\":\"search_term_string\"}}],\"inLanguage\":\"en-US\"},{\"@type\":\"Organization\",\"@id\":\"https:\/\/difue.de\/en\/#organization\",\"name\":\"Digitalf\u00fchrerschein (DiF\u00fc)\",\"url\":\"https:\/\/difue.de\/en\/\",\"logo\":{\"@type\":\"ImageObject\",\"inLanguage\":\"en-US\",\"@id\":\"https:\/\/difue.de\/en\/#\/schema\/logo\/image\/\",\"url\":\"https:\/\/difue.de\/app\/uploads\/2021\/09\/difue-logo.svg\",\"contentUrl\":\"https:\/\/difue.de\/app\/uploads\/2021\/09\/difue-logo.svg\",\"width\":200,\"height\":149,\"caption\":\"Digitalf\u00fchrerschein (DiF\u00fc)\"},\"image\":{\"@id\":\"https:\/\/difue.de\/en\/#\/schema\/logo\/image\/\"},\"sameAs\":[\"https:\/\/www.facebook.com\/people\/DsiN-Digitalf\u00fchrerschein-DiF\u00fc\/100079074183260\/\",\"https:\/\/www.instagram.com\/dsin_digitalfuehrerschein\/\"]},{\"@type\":\"Person\",\"@id\":\"https:\/\/difue.de\/en\/#\/schema\/person\/561da257ed73a0e0a7b309ed668c2e2f\",\"name\":\"DiF\u00fc-Redaktion\",\"image\":{\"@type\":\"ImageObject\",\"inLanguage\":\"en-US\",\"@id\":\"https:\/\/difue.de\/en\/#\/schema\/person\/image\/\",\"url\":\"https:\/\/secure.gravatar.com\/avatar\/f53ae98a098ac8e91c22c4cad6773d087e0c7938120a8a098aa93d0f488aaa56?s=96&d=mm&r=g\",\"contentUrl\":\"https:\/\/secure.gravatar.com\/avatar\/f53ae98a098ac8e91c22c4cad6773d087e0c7938120a8a098aa93d0f488aaa56?s=96&d=mm&r=g\",\"caption\":\"DiF\u00fc-Redaktion\"}}]}<\/script>\n<!-- \/ Yoast SEO Premium plugin. -->","yoast_head_json":{"title":"\u201eNur weil man ein Auto immer schneller baut, wird es nicht anfangen zu fliegen\u201c &#8226; Digitalf\u00fchrerschein (DiF\u00fc)","description":"Was passierte dieses Jahr in Sachen K\u00fcnstlicher Intelligenz (KI) \u2013 und wie wird es weitergehen? Ein Gespr\u00e4ch \u00fcber Automatisierung, unserer Vorstellung von Recht und Unrecht und wieso wir keine Angst vor b\u00f6sartigen KIs haben sollten.","robots":{"index":"index","follow":"follow","max-snippet":"max-snippet:-1","max-image-preview":"max-image-preview:large","max-video-preview":"max-video-preview:-1"},"canonical":"https:\/\/difue.de\/en\/allgemein\/kuenstliche-intelligenz-mads-pankow\/","og_locale":"en_US","og_type":"article","og_title":"\u201eNur weil man ein Auto immer schneller baut, wird es nicht anfangen zu fliegen\u201c","og_description":"Was passierte dieses Jahr in Sachen K\u00fcnstlicher Intelligenz (KI) \u2013 und wie wird es weitergehen? Ein Gespr\u00e4ch \u00fcber Automatisierung, unserer Vorstellung von Recht und Unrecht und wieso wir keine Angst vor b\u00f6sartigen KIs haben sollten.","og_url":"https:\/\/difue.de\/en\/allgemein\/kuenstliche-intelligenz-mads-pankow\/","og_site_name":"Digitalf\u00fchrerschein (DiF\u00fc)","article_publisher":"https:\/\/www.facebook.com\/people\/DsiN-Digitalf%c3%bchrerschein-DiF%c3%bc\/100079074183260\/","article_published_time":"2023-12-21T08:00:00+00:00","article_modified_time":"2023-12-21T08:49:28+00:00","author":"DiF\u00fc-Redaktion","twitter_card":"summary_large_image","twitter_misc":{"Written by":"DiF\u00fc-Redaktion","Est. reading time":"14 minutes"},"schema":{"@context":"https:\/\/schema.org","@graph":[{"@type":"Article","@id":"https:\/\/difue.de\/en\/allgemein\/kuenstliche-intelligenz-mads-pankow\/#article","isPartOf":{"@id":"https:\/\/difue.de\/en\/allgemein\/kuenstliche-intelligenz-mads-pankow\/"},"author":{"name":"DiF\u00fc-Redaktion","@id":"https:\/\/difue.de\/en\/#\/schema\/person\/561da257ed73a0e0a7b309ed668c2e2f"},"headline":"\u201eNur weil man ein Auto immer schneller baut, wird es nicht anfangen zu fliegen\u201c","datePublished":"2023-12-21T08:00:00+00:00","dateModified":"2023-12-21T08:49:28+00:00","mainEntityOfPage":{"@id":"https:\/\/difue.de\/en\/allgemein\/kuenstliche-intelligenz-mads-pankow\/"},"wordCount":2553,"commentCount":0,"publisher":{"@id":"https:\/\/difue.de\/en\/#organization"},"articleSection":["Allgemein","Devices &amp; Tools","Podcast"],"inLanguage":"en-US"},{"@type":"WebPage","@id":"https:\/\/difue.de\/en\/allgemein\/kuenstliche-intelligenz-mads-pankow\/","url":"https:\/\/difue.de\/en\/allgemein\/kuenstliche-intelligenz-mads-pankow\/","name":"\u201eNur weil man ein Auto immer schneller baut, wird es nicht anfangen zu fliegen\u201c &#8226; Digitalf\u00fchrerschein (DiF\u00fc)","isPartOf":{"@id":"https:\/\/difue.de\/en\/#website"},"datePublished":"2023-12-21T08:00:00+00:00","dateModified":"2023-12-21T08:49:28+00:00","description":"Was passierte dieses Jahr in Sachen K\u00fcnstlicher Intelligenz (KI) \u2013 und wie wird es weitergehen? Ein Gespr\u00e4ch \u00fcber Automatisierung, unserer Vorstellung von Recht und Unrecht und wieso wir keine Angst vor b\u00f6sartigen KIs haben sollten.","breadcrumb":{"@id":"https:\/\/difue.de\/en\/allgemein\/kuenstliche-intelligenz-mads-pankow\/#breadcrumb"},"inLanguage":"en-US","potentialAction":[{"@type":"ReadAction","target":["https:\/\/difue.de\/en\/allgemein\/kuenstliche-intelligenz-mads-pankow\/"]}]},{"@type":"BreadcrumbList","@id":"https:\/\/difue.de\/en\/allgemein\/kuenstliche-intelligenz-mads-pankow\/#breadcrumb","itemListElement":[{"@type":"ListItem","position":1,"name":"Startseite","item":"https:\/\/difue.de\/en\/startseite\/"},{"@type":"ListItem","position":2,"name":"\u201eNur weil man ein Auto immer schneller baut, wird es nicht anfangen zu fliegen\u201c"}]},{"@type":"WebSite","@id":"https:\/\/difue.de\/en\/#website","url":"https:\/\/difue.de\/en\/","name":"Digitalf\u00fchrerschein (DiF\u00fc)","description":"","publisher":{"@id":"https:\/\/difue.de\/en\/#organization"},"potentialAction":[{"@type":"SearchAction","target":{"@type":"EntryPoint","urlTemplate":"https:\/\/difue.de\/en\/?s={search_term_string}"},"query-input":{"@type":"PropertyValueSpecification","valueRequired":true,"valueName":"search_term_string"}}],"inLanguage":"en-US"},{"@type":"Organization","@id":"https:\/\/difue.de\/en\/#organization","name":"Digitalf\u00fchrerschein (DiF\u00fc)","url":"https:\/\/difue.de\/en\/","logo":{"@type":"ImageObject","inLanguage":"en-US","@id":"https:\/\/difue.de\/en\/#\/schema\/logo\/image\/","url":"https:\/\/difue.de\/app\/uploads\/2021\/09\/difue-logo.svg","contentUrl":"https:\/\/difue.de\/app\/uploads\/2021\/09\/difue-logo.svg","width":200,"height":149,"caption":"Digitalf\u00fchrerschein (DiF\u00fc)"},"image":{"@id":"https:\/\/difue.de\/en\/#\/schema\/logo\/image\/"},"sameAs":["https:\/\/www.facebook.com\/people\/DsiN-Digitalf\u00fchrerschein-DiF\u00fc\/100079074183260\/","https:\/\/www.instagram.com\/dsin_digitalfuehrerschein\/"]},{"@type":"Person","@id":"https:\/\/difue.de\/en\/#\/schema\/person\/561da257ed73a0e0a7b309ed668c2e2f","name":"DiF\u00fc-Redaktion","image":{"@type":"ImageObject","inLanguage":"en-US","@id":"https:\/\/difue.de\/en\/#\/schema\/person\/image\/","url":"https:\/\/secure.gravatar.com\/avatar\/f53ae98a098ac8e91c22c4cad6773d087e0c7938120a8a098aa93d0f488aaa56?s=96&d=mm&r=g","contentUrl":"https:\/\/secure.gravatar.com\/avatar\/f53ae98a098ac8e91c22c4cad6773d087e0c7938120a8a098aa93d0f488aaa56?s=96&d=mm&r=g","caption":"DiF\u00fc-Redaktion"}}]}},"_links":{"self":[{"href":"https:\/\/difue.de\/en\/wp-json\/wp\/v2\/posts\/39499","targetHints":{"allow":["GET"]}}],"collection":[{"href":"https:\/\/difue.de\/en\/wp-json\/wp\/v2\/posts"}],"about":[{"href":"https:\/\/difue.de\/en\/wp-json\/wp\/v2\/types\/post"}],"author":[{"embeddable":true,"href":"https:\/\/difue.de\/en\/wp-json\/wp\/v2\/users\/8048"}],"replies":[{"embeddable":true,"href":"https:\/\/difue.de\/en\/wp-json\/wp\/v2\/comments?post=39499"}],"version-history":[{"count":12,"href":"https:\/\/difue.de\/en\/wp-json\/wp\/v2\/posts\/39499\/revisions"}],"predecessor-version":[{"id":39533,"href":"https:\/\/difue.de\/en\/wp-json\/wp\/v2\/posts\/39499\/revisions\/39533"}],"acf:post":[{"embeddable":true,"href":"https:\/\/difue.de\/en\/wp-json\/wp\/v2\/posts\/34904"},{"embeddable":true,"href":"https:\/\/difue.de\/en\/wp-json\/wp\/v2\/posts\/33490"},{"embeddable":true,"href":"https:\/\/difue.de\/en\/wp-json\/wp\/v2\/posts\/17981"}],"wp:attachment":[{"href":"https:\/\/difue.de\/en\/wp-json\/wp\/v2\/media?parent=39499"}],"wp:term":[{"taxonomy":"category","embeddable":true,"href":"https:\/\/difue.de\/en\/wp-json\/wp\/v2\/categories?post=39499"},{"taxonomy":"post_tag","embeddable":true,"href":"https:\/\/difue.de\/en\/wp-json\/wp\/v2\/tags?post=39499"}],"curies":[{"name":"wp","href":"https:\/\/api.w.org\/{rel}","templated":true}]}}